{"id":7120,"date":"2024-08-15T14:57:17","date_gmt":"2024-08-15T18:57:17","guid":{"rendered":"https:\/\/jornaloalvorada.com.br\/site\/?p=7120"},"modified":"2024-08-15T14:57:19","modified_gmt":"2024-08-15T18:57:19","slug":"novo-leilao-do-detran-de-mato-grosso-do-sul-oferta-moto-2023-2024-e-onibus","status":"publish","type":"post","link":"https:\/\/jornaloalvorada.com.br\/site\/2024\/08\/15\/novo-leilao-do-detran-de-mato-grosso-do-sul-oferta-moto-2023-2024-e-onibus\/","title":{"rendered":"Novo leil\u00e3o do Detran de Mato Grosso do Sul oferta moto 2023\/2024 e \u00f4nibus"},"content":{"rendered":"\n<p>Um novo leil\u00e3o do Detran-MS (Departamento Estadual de Tr\u00e2nsito) abre nesta quarta-feira, 15 de agosto \u00e0s 10h (hor\u00e1rio de MS), a leiloeira oficial \u00e9 a Patr\u00edcia Pimentel Grocoski Costa. Os lances pode ser oferecidos pelo site <a href=\"http:\/\/www.pimentelleiloes.com.br\">www.pimentelleiloes.com.br<\/a> at\u00e9 o dia 30 de agosto \u00e0s 10h (hor\u00e1rio de MS).<\/p>\n\n\n\n<p>A visita\u00e7\u00e3o acontece do dia 27 a 29 de agosto no p\u00e1tio da Autotran, que fica na avenida Gerval Bernardino de Souza, n\u00ba 644, no bairro Rita Vieira, das 8h \u00e0s 11h e das 13h30 \u00e0s 16h30.<\/p>\n\n\n<div class=\"wp-block-image\">\n<figure class=\"alignleft\"><a href=\"https:\/\/agenciadenoticias.ms.gov.br\/wp-content\/uploads\/2024\/08\/lote-39-leilao-479.jpg\"><img decoding=\"async\" src=\"https:\/\/agenciadenoticias.ms.gov.br\/wp-content\/uploads\/2024\/08\/lote-39-leilao-479-150x150.jpg\" alt=\"\" class=\"wp-image-487033\"\/><\/a><\/figure>\n<\/div>\n\n\n<p>S\u00e3o oferecidos ve\u00edculos de circula\u00e7\u00e3o, sucata aproveit\u00e1vel e sucata inserv\u00edvel. Para os ve\u00edculos de circula\u00e7\u00e3o s\u00e3o 135 lotes de ve\u00edculos, sendo 96 motocicletas e 39 autom\u00f3veis.<\/p>\n\n\n\n<p>Com destaque para o autom\u00f3vel Novo Gol TL preto, ano 2017, com lance inicial de R$ 10.302. H\u00e1 tamb\u00e9m um \u00f4nibus Mercedes Benz \/ O 370 RSD, cor branca, ano 1986, com lance inicial de R$ 4.000, e uma motocicleta Honda CG 160 Start, na cor vermelha, ano\/modelo 2023\/2024, com lance inicial de R$ 3.679. Neste caso, qualquer pessoa f\u00edsica ou jur\u00eddica pode participar.<\/p>\n\n\n<div class=\"wp-block-image\">\n<figure class=\"alignright\"><a href=\"https:\/\/agenciadenoticias.ms.gov.br\/wp-content\/uploads\/2024\/08\/lote-01-leilao-479.jpg\"><img decoding=\"async\" src=\"https:\/\/agenciadenoticias.ms.gov.br\/wp-content\/uploads\/2024\/08\/lote-01-leilao-479-150x150.jpg\" alt=\"\" class=\"wp-image-487035\"\/><\/a><\/figure>\n<\/div>\n\n\n<p>J\u00e1 em Sucatas Aproveit\u00e1veis, s\u00e3o oferecidos 59 lotes de ve\u00edculos sendo 69 motocicletas e 45 autom\u00f3veis. Para dar lance nessa categoria, \u00e9 necess\u00e1rio ser pessoa jur\u00eddica cadastrada devidamente em qualquer Detran do territ\u00f3rio nacional.<\/p>\n\n\n\n<p>No caso de Sucatas Inserv\u00edveis \u00e9 oferecido lote \u00fanico com 75 motocicletas e 31 autom\u00f3veis com pesagem estimada em 34.650 kg de material ferroso. Neste caso, apenas pessoas jur\u00eddicas que operam no ramo de siderurgia, fundi\u00e7\u00e3o ou de reciclagem credenciadas no Detran-MS.<\/p>\n\n\n\n<p><em>Rodrigo Maia, Comunica\u00e7\u00e3o Detran-MS<\/em><\/p>\n","protected":false},"excerpt":{"rendered":"<p>Um novo leil\u00e3o do Detran-MS (Departamento Estadual de Tr\u00e2nsito) abre nesta quarta-feira, 15 de agosto \u00e0s 10h (hor\u00e1rio de MS),<\/p>\n","protected":false},"author":1,"featured_media":7121,"comment_status":"open","ping_status":"open","sticky":false,"template":"","format":"standard","meta":{"footnotes":""},"categories":[2],"tags":[],"class_list":["post-7120","post","type-post","status-publish","format-standard","has-post-thumbnail","hentry","category-noticias"],"_links":{"self":[{"href":"https:\/\/jornaloalvorada.com.br\/site\/wp-json\/wp\/v2\/posts\/7120","targetHints":{"allow":["GET"]}}],"collection":[{"href":"https:\/\/jornaloalvorada.com.br\/site\/wp-json\/wp\/v2\/posts"}],"about":[{"href":"https:\/\/jornaloalvorada.com.br\/site\/wp-json\/wp\/v2\/types\/post"}],"author":[{"embeddable":true,"href":"https:\/\/jornaloalvorada.com.br\/site\/wp-json\/wp\/v2\/users\/1"}],"replies":[{"embeddable":true,"href":"https:\/\/jornaloalvorada.com.br\/site\/wp-json\/wp\/v2\/comments?post=7120"}],"version-history":[{"count":1,"href":"https:\/\/jornaloalvorada.com.br\/site\/wp-json\/wp\/v2\/posts\/7120\/revisions"}],"predecessor-version":[{"id":7122,"href":"https:\/\/jornaloalvorada.com.br\/site\/wp-json\/wp\/v2\/posts\/7120\/revisions\/7122"}],"wp:featuredmedia":[{"embeddable":true,"href":"https:\/\/jornaloalvorada.com.br\/site\/wp-json\/wp\/v2\/media\/7121"}],"wp:attachment":[{"href":"https:\/\/jornaloalvorada.com.br\/site\/wp-json\/wp\/v2\/media?parent=7120"}],"wp:term":[{"taxonomy":"category","embeddable":true,"href":"https:\/\/jornaloalvorada.com.br\/site\/wp-json\/wp\/v2\/categories?post=7120"},{"taxonomy":"post_tag","embeddable":true,"href":"https:\/\/jornaloalvorada.com.br\/site\/wp-json\/wp\/v2\/tags?post=7120"}],"curies":[{"name":"wp","href":"https:\/\/api.w.org\/{rel}","templated":true}]}}