{"id":7116,"date":"2024-08-15T14:51:38","date_gmt":"2024-08-15T18:51:38","guid":{"rendered":"https:\/\/jornaloalvorada.com.br\/site\/?p=7116"},"modified":"2024-08-15T14:51:40","modified_gmt":"2024-08-15T18:51:40","slug":"com-apoio-do-governo-do-estado-bonito-bate-recorde-de-julho-com-30-mil-turistas","status":"publish","type":"post","link":"https:\/\/jornaloalvorada.com.br\/site\/2024\/08\/15\/com-apoio-do-governo-do-estado-bonito-bate-recorde-de-julho-com-30-mil-turistas\/","title":{"rendered":"Com apoio do Governo do Estado, Bonito bate recorde de julho com 30 mil turistas"},"content":{"rendered":"\n<p>Um dos principais destinos de ecoturismo do mundo, a cidade de Bonito recebeu 30.491 turistas em julho. O n\u00famero \u00e9 recorde em compara\u00e7\u00e3o ao mesmo per\u00edodo nos \u00faltimos nove anos. Este cen\u00e1rio positivo \u00e9 resultado de uma s\u00e9rie de a\u00e7\u00f5es conjuntas do Governo do Estado, por meio da Fundtur (Funda\u00e7\u00e3o de Turismo de Mato Grosso do Sul), com a prefeitura e iniciativa privada.<\/p>\n\n\n\n<p>Os dados fazem parte de um levantamento feito pelo Observat\u00f3rio de Turismo e Eventos, que \u00e9 coordenado pelo BCVB (Bonito Convention &amp; Visitors Bureau), tendo apoio da Fundtur-MS para realiza\u00e7\u00e3o da pesquisa. O n\u00famero de visitantes em julho deste ano foi 4,85% superior ao mesmo per\u00edodo de 2023.<\/p>\n\n\n\n<figure class=\"wp-block-image\" id=\"attachment_447444\"><a href=\"https:\/\/agenciadenoticias.ms.gov.br\/wp-content\/uploads\/2023\/08\/22-Festival-de-inverno-de-Bonito-Foto-Bruno-Rezende4-scaled.jpg\"><img decoding=\"async\" src=\"https:\/\/agenciadenoticias.ms.gov.br\/wp-content\/uploads\/2023\/08\/22-Festival-de-inverno-de-Bonito-Foto-Bruno-Rezende4-1024x619.jpg\" alt=\"\" class=\"wp-image-447444\"\/><\/a><figcaption class=\"wp-element-caption\"><em>Munic\u00edpio de Bonito teve mais de 30 mil turistas em julho (Foto: Bruno Rezende)<\/em><\/figcaption><\/figure>\n\n\n\n<p>Um dos fatores para este desempenho recorde s\u00e3o os voos diretos do aeroporto de Congonhas (S\u00e3o Paulo) para Bonito, assim como de Viracopos (Campinas). Eles s\u00e3o promovidos respectivamente pelas companhias Gol e Azul. De acordo com o trade tur\u00edstico, esta oferta di\u00e1ria (voos diretos) fez a diferen\u00e7a para este cen\u00e1rio.<\/p>\n\n\n\n<p>De acordo com o aeroporto regional de Bonito, foram feitos 4.007 desembarques neste m\u00eas, o que representa 12,95% dos turistas que estiveram na cidade neste per\u00edodo. O levantamento ainda mostra que a cidade recebeu 163.920 turistas de janeiro a julho de 2024.<\/p>\n\n\n\n<figure class=\"wp-block-image\" id=\"attachment_381245\"><a href=\"https:\/\/agenciadenoticias.ms.gov.br\/wp-content\/uploads\/2021\/12\/gol_voo-inaugural-congonhas-bonito12.jpg\"><img decoding=\"async\" src=\"https:\/\/agenciadenoticias.ms.gov.br\/wp-content\/uploads\/2021\/12\/gol_voo-inaugural-congonhas-bonito12-1024x683.jpg\" alt=\"\" class=\"wp-image-381245\"\/><\/a><figcaption class=\"wp-element-caption\"><em>Voos diretos de SP para Bonito impulsionaram n\u00fameros positivos (Foto: Silvio de Andrade\/Arquivo)<\/em><\/figcaption><\/figure>\n\n\n\n<p><strong>Esfor\u00e7o conjunto<\/strong><\/p>\n\n\n\n<p>Para chegar aos n\u00fameros positivos em julho, houve um esfor\u00e7o conjunto em um trabalho de anos desenvolvido pela Fundtur-MS, para viabilizar junto \u00e0 iniciativa privada voos di\u00e1rios e diretos de S\u00e3o Paulo para Bonito. Esta oferta foi disponibilizada em julho, m\u00eas de f\u00e9rias escolares.<\/p>\n\n\n\n<p>Esta possibilidade impulsionou o fluxo tur\u00edstico da regi\u00e3o, tendo como consequ\u00eancia o aumento de turistas em julho de 29.519 (2023) para 30.941 (2024). Esta amplia\u00e7\u00e3o dos voos faz a diferen\u00e7a para trazer os turistas de fora do Estado e at\u00e9 estrangeiros, que desejam conhecer as belezas naturais da cidade.<\/p>\n\n\n\n<p>\u201cEsse incremento de novos voos pelas duas companhias \u00e9 muito significativo e reflete no trabalho que a funda\u00e7\u00e3o tem realizado nos \u00faltimos anos, com o objetivo de melhorar a log\u00edstica e oferta de assentos ao nosso principal destino\u201d, afirmou o diretor-presidente da Fundtur-MS, Bruno Wendling.<\/p>\n\n\n\n<p><em>Leonardo Rocha, Comunica\u00e7\u00e3o do Governo de MS<br>*Com informa\u00e7\u00f5es do BCVB<\/em><br><em>Foto Capa: Edemir Rodrigues\/Arquivo<\/em><\/p>\n","protected":false},"excerpt":{"rendered":"<p>Um dos principais destinos de ecoturismo do mundo, a cidade de Bonito recebeu 30.491 turistas em julho. O n\u00famero \u00e9<\/p>\n","protected":false},"author":1,"featured_media":7117,"comment_status":"open","ping_status":"open","sticky":false,"template":"","format":"standard","meta":{"footnotes":""},"categories":[2],"tags":[],"class_list":["post-7116","post","type-post","status-publish","format-standard","has-post-thumbnail","hentry","category-noticias"],"_links":{"self":[{"href":"https:\/\/jornaloalvorada.com.br\/site\/wp-json\/wp\/v2\/posts\/7116","targetHints":{"allow":["GET"]}}],"collection":[{"href":"https:\/\/jornaloalvorada.com.br\/site\/wp-json\/wp\/v2\/posts"}],"about":[{"href":"https:\/\/jornaloalvorada.com.br\/site\/wp-json\/wp\/v2\/types\/post"}],"author":[{"embeddable":true,"href":"https:\/\/jornaloalvorada.com.br\/site\/wp-json\/wp\/v2\/users\/1"}],"replies":[{"embeddable":true,"href":"https:\/\/jornaloalvorada.com.br\/site\/wp-json\/wp\/v2\/comments?post=7116"}],"version-history":[{"count":1,"href":"https:\/\/jornaloalvorada.com.br\/site\/wp-json\/wp\/v2\/posts\/7116\/revisions"}],"predecessor-version":[{"id":7118,"href":"https:\/\/jornaloalvorada.com.br\/site\/wp-json\/wp\/v2\/posts\/7116\/revisions\/7118"}],"wp:featuredmedia":[{"embeddable":true,"href":"https:\/\/jornaloalvorada.com.br\/site\/wp-json\/wp\/v2\/media\/7117"}],"wp:attachment":[{"href":"https:\/\/jornaloalvorada.com.br\/site\/wp-json\/wp\/v2\/media?parent=7116"}],"wp:term":[{"taxonomy":"category","embeddable":true,"href":"https:\/\/jornaloalvorada.com.br\/site\/wp-json\/wp\/v2\/categories?post=7116"},{"taxonomy":"post_tag","embeddable":true,"href":"https:\/\/jornaloalvorada.com.br\/site\/wp-json\/wp\/v2\/tags?post=7116"}],"curies":[{"name":"wp","href":"https:\/\/api.w.org\/{rel}","templated":true}]}}