{"id":7096,"date":"2024-08-13T09:48:36","date_gmt":"2024-08-13T13:48:36","guid":{"rendered":"https:\/\/jornaloalvorada.com.br\/site\/?p=7096"},"modified":"2024-08-13T09:48:39","modified_gmt":"2024-08-13T13:48:39","slug":"nova-rodovia-encurta-trajeto-em-40-km-para-quem-for-curtir-festival-de-inverno-de-bonito-2024","status":"publish","type":"post","link":"https:\/\/jornaloalvorada.com.br\/site\/2024\/08\/13\/nova-rodovia-encurta-trajeto-em-40-km-para-quem-for-curtir-festival-de-inverno-de-bonito-2024\/","title":{"rendered":"Nova rodovia encurta trajeto em 40 km para quem for curtir Festival de Inverno de Bonito 2024"},"content":{"rendered":"\n<p>Para quem deseja curtir o Festival de Inverno de Bonito 2024 agora tem mais uma op\u00e7\u00e3o de percurso, que \u00e9 a Estrada do 21, na rodovia MS-345. O Governo do Estado investiu mais de R$ 340 milh\u00f5es para pavimentar 100 km, no trecho entre Anast\u00e1cio (BR-419) e Bonito. A nova rota reduz em 40 km a dist\u00e2ncia de Campo Grande \u00e0 capital do ecoturismo.<\/p>\n\n\n\n<p>Al\u00e9m de diminuir o caminho, os motoristas podem contemplar as paisagens e belezas naturais do percurso, que passa pelo distrito de \u00c1guas de Miranda, um polo de pescaria esportiva do Estado. A obra foi conclu\u00edda neste primeiro semestre de 2024, estando pronta para atender o grande p\u00fablico que segue para o festival.<\/p>\n\n\n\n<p>Para pavimentar os 100 km de Anast\u00e1cio a Bonito, a obra foi dividida em quatro lotes, tendo como diferencial o cuidado com o meio ambiente e a fauna da regi\u00e3o. Ela foi projetada com os conceitos do programa Estrada Viva, tendo durante seu percurso 45 passagens inferiores para os animais.<\/p>\n\n\n\n<figure class=\"wp-block-image\"><a href=\"https:\/\/agenciadenoticias.ms.gov.br\/integrando-regioes-e-potencializando-a-logistica-de-ms-estrada-do-21-sera-nova-atracao-turistica\/ms-345-trecho-bonito-aguas-de-miranda-foto-saul-schramm-17\/\"><img decoding=\"async\" src=\"https:\/\/agenciadenoticias.ms.gov.br\/wp-content\/uploads\/2023\/12\/MS-345-Trecho-Bonito-Aguas-de-Miranda-Foto-Saul-Schramm-17-1024x657.jpg\" alt=\"\"\/><\/a><\/figure>\n\n\n\n<figure class=\"wp-block-image\"><a href=\"https:\/\/agenciadenoticias.ms.gov.br\/nova-rodovia-encurta-trajeto-em-40-km-para-quem-for-curtir-festival-de-inverno-de-bonito-2024\/ms-345-trecho-bonito-aguas-de-miranda-foto-saul-schramm-7\/\"><img decoding=\"async\" src=\"https:\/\/agenciadenoticias.ms.gov.br\/wp-content\/uploads\/2023\/12\/MS-345-Trecho-Bonito-Aguas-de-Miranda-Foto-Saul-Schramm-7-1024x631.jpg\" alt=\"\"\/><\/a><\/figure>\n\n\n\n<p>A rodovia MS-345 era uma antiga reivindica\u00e7\u00e3o dos moradores locais e todo trade tur\u00edstico de pesca da regi\u00e3o, assim como de Bonito, j\u00e1 que quem for de Campo Grande vai reduzir 80 km de dist\u00e2ncia (ida e volta). Ser\u00e1 a primeira vez que o p\u00fablico do festival vai utiliz\u00e1-la.<\/p>\n\n\n\n<p>\u201cA Estrada do 21 \u00e9 um investimento estrat\u00e9gico do Governo do Estado com grande impacto econ\u00f4mico e tur\u00edstico. Essa rodovia \u00e9 essencial para o desenvolvimento de Bonito, ligando pontos tur\u00edsticos importantes de Mato Grosso do Sul e facilitando o acesso \u00e0 cidade. Agora, quem vai aproveitar o Festival de Inverno de Bonito tem uma rota com infraestrutura segura e eficiente, reduzindo o trajeto em cerca de 40 km para quem sai de Campo Grande\u201d, afirmou o secret\u00e1rio de Infraestrutura e Log\u00edstica, Helio Peluffo.<\/p>\n\n\n\n<p>Ele lembrou que a nova rodovia promove desenvolvimento econ\u00f4mico da regi\u00e3o e melhora a qualidade de vida dos moradores. \u201cEstou certo de que quem viajar pela Estrada do 21 ter\u00e1 uma experi\u00eancia muito mais agrad\u00e1vel, podendo contemplar a natureza e chegar com seguran\u00e7a para aproveitar esta festa t\u00e3o linda\u201d, completou.<\/p>\n\n\n\n<p>Para quem for partir de Campo Grande para aquele que \u00e9 um dos destinos mais prestigiados do Brasil, a dist\u00e2ncia agora \u00e9 de 260 quil\u00f4metros. Isso seguindo de Campo Grande a Anast\u00e1cio pela BR-262, pegando a MS-419 (cerca de 21 km) at\u00e9 encontrar a MS-345 e chegar a Bonito.<\/p>\n\n\n\n<figure class=\"wp-block-image\" id=\"attachment_459317\"><a href=\"https:\/\/agenciadenoticias.ms.gov.br\/wp-content\/uploads\/2023\/12\/MS-345-Trecho-Bonito-Aguas-de-Miranda-Foto-Saul-Schramm-5-scaled.jpg\"><img decoding=\"async\" src=\"https:\/\/agenciadenoticias.ms.gov.br\/wp-content\/uploads\/2023\/12\/MS-345-Trecho-Bonito-Aguas-de-Miranda-Foto-Saul-Schramm-5-1024x608.jpg\" alt=\"\" class=\"wp-image-459317\"\/><\/a><figcaption class=\"wp-element-caption\"><em>Estrada do 21 ser\u00e1 op\u00e7\u00e3o para quem for de Campo Grande at\u00e9 o festival<\/em><\/figcaption><\/figure>\n\n\n\n<p><strong>P\u00fablico cativo<\/strong><\/p>\n\n\n\n<p>Com o tema \u201cDa terra viva, nossa arte vibra\u201d, o Festival de Inverno de Bonito 2024 vai ocorrer de 21 a 25 de agosto, com expectativa de atrair de 120 mil pessoas neste per\u00edodo. S\u00e3o 150 atra\u00e7\u00f5es gratuitas e a\u00e7\u00f5es transversais para entreter a fam\u00edlia com arte e cultura.<\/p>\n\n\n\n<p>Na sua 23\u00b0 edi\u00e7\u00e3o, o evento vai contar com o Festival Bonitinho, al\u00e9m de teatro, arte circense, literatura, economia criativa e muita m\u00fasica com a atra\u00e7\u00e3o internacional Norberto Cruz (Concerto Gaya), de Portugal (dia 22), e os shows nacionais de Alexandre Pires (21), Z\u00e9 Ramalho (23), Olodum e Sandra S\u00e1 (24) e Teodoro e Sampaio (25).<\/p>\n\n\n\n<p>Sucesso de p\u00fablico, festival cumpre um papel essencial para a economia e setor de turismo, que consegue manter grande fluxo nos balne\u00e1rios e na rede hoteleira em uma \u00e9poca considerada de baixa temporada. Aos turistas que forem para cidade nesta \u00e9poca s\u00e3o mais de 7 mil leitos dispon\u00edveis, sem contar o aluguel de casas espalhadas pelo munic\u00edpio. &nbsp;<\/p>\n\n\n\n<figure class=\"wp-block-image\" id=\"attachment_447448\"><a href=\"https:\/\/agenciadenoticias.ms.gov.br\/wp-content\/uploads\/2023\/08\/22-Festival-de-inverno-de-Bonito-Foto-Bruno-Rezende8-scaled.jpg\"><img decoding=\"async\" src=\"https:\/\/agenciadenoticias.ms.gov.br\/wp-content\/uploads\/2023\/08\/22-Festival-de-inverno-de-Bonito-Foto-Bruno-Rezende8-1024x583.jpg\" alt=\"\" class=\"wp-image-447448\"\/><\/a><figcaption class=\"wp-element-caption\"><em>Festival de Bonito come\u00e7a no dia 21 de agosto (Foto: Bruno Rezende)<\/em><\/figcaption><\/figure>\n\n\n\n<p><em>Leonardo Rocha, Comunica\u00e7\u00e3o do Governo de MS<\/em><br><em>Fotos: Saul Schramm<\/em><\/p>\n","protected":false},"excerpt":{"rendered":"<p>Para quem deseja curtir o Festival de Inverno de Bonito 2024 agora tem mais uma op\u00e7\u00e3o de percurso, que \u00e9<\/p>\n","protected":false},"author":1,"featured_media":7097,"comment_status":"open","ping_status":"open","sticky":false,"template":"","format":"standard","meta":{"footnotes":""},"categories":[2],"tags":[],"class_list":["post-7096","post","type-post","status-publish","format-standard","has-post-thumbnail","hentry","category-noticias"],"_links":{"self":[{"href":"https:\/\/jornaloalvorada.com.br\/site\/wp-json\/wp\/v2\/posts\/7096","targetHints":{"allow":["GET"]}}],"collection":[{"href":"https:\/\/jornaloalvorada.com.br\/site\/wp-json\/wp\/v2\/posts"}],"about":[{"href":"https:\/\/jornaloalvorada.com.br\/site\/wp-json\/wp\/v2\/types\/post"}],"author":[{"embeddable":true,"href":"https:\/\/jornaloalvorada.com.br\/site\/wp-json\/wp\/v2\/users\/1"}],"replies":[{"embeddable":true,"href":"https:\/\/jornaloalvorada.com.br\/site\/wp-json\/wp\/v2\/comments?post=7096"}],"version-history":[{"count":1,"href":"https:\/\/jornaloalvorada.com.br\/site\/wp-json\/wp\/v2\/posts\/7096\/revisions"}],"predecessor-version":[{"id":7098,"href":"https:\/\/jornaloalvorada.com.br\/site\/wp-json\/wp\/v2\/posts\/7096\/revisions\/7098"}],"wp:featuredmedia":[{"embeddable":true,"href":"https:\/\/jornaloalvorada.com.br\/site\/wp-json\/wp\/v2\/media\/7097"}],"wp:attachment":[{"href":"https:\/\/jornaloalvorada.com.br\/site\/wp-json\/wp\/v2\/media?parent=7096"}],"wp:term":[{"taxonomy":"category","embeddable":true,"href":"https:\/\/jornaloalvorada.com.br\/site\/wp-json\/wp\/v2\/categories?post=7096"},{"taxonomy":"post_tag","embeddable":true,"href":"https:\/\/jornaloalvorada.com.br\/site\/wp-json\/wp\/v2\/tags?post=7096"}],"curies":[{"name":"wp","href":"https:\/\/api.w.org\/{rel}","templated":true}]}}