{"id":7078,"date":"2024-08-09T14:26:44","date_gmt":"2024-08-09T18:26:44","guid":{"rendered":"https:\/\/jornaloalvorada.com.br\/site\/?p=7078"},"modified":"2024-08-09T14:26:46","modified_gmt":"2024-08-09T18:26:46","slug":"aviao-com-62-pessoas-a-bordo-cai-no-interior-de-sao-paulo-nao-ha-informacao-de-vitimas","status":"publish","type":"post","link":"https:\/\/jornaloalvorada.com.br\/site\/2024\/08\/09\/aviao-com-62-pessoas-a-bordo-cai-no-interior-de-sao-paulo-nao-ha-informacao-de-vitimas\/","title":{"rendered":"Avi\u00e3o com 62 pessoas a bordo cai no interior de S\u00e3o Paulo; n\u00e3o h\u00e1 informa\u00e7\u00e3o de v\u00edtimas"},"content":{"rendered":"\n<p>Um avi\u00e3o com 58 passageiros e quatro tripulantes caiu na regi\u00e3o do bairro Capela, em Vinhedo (SP), no in\u00edcio da tarde desta sexta-feira (9), segundo o portal de not\u00edcias G1.<\/p>\n\n\n\n<p>Segundo a Voepass Linhas A\u00e9reas, antiga Passaredo, companhia a\u00e9rea dona da aeronave, trata-se de um avi\u00e3o turbo\u00e9lice de passageiros, modelo ATR-72, que saiu de Cascavel (PR) com destino a Guarulhos (SP). Ainda n\u00e3o h\u00e1 informa\u00e7\u00f5es de v\u00edtimas.<\/p>\n\n\n\n<p>\u201cA VOEPASS acionou todos os meios para apoiar os envolvidos. N\u00e3o h\u00e1 ainda confirma\u00e7\u00e3o de como ocorreu o acidente e nem da situa\u00e7\u00e3o atual das pessoas que estavam a bordo\u201d, informou a Voepass.<\/p>\n\n\n\n<p>A Pol\u00edcia Militar informou \u00e0 EPTV que recebeu o chamado \u00e0s 12h28 na rua Jo\u00e3o Edueta, pr\u00f3ximo \u00e0 rodovia Miguel Melhado de Campos (SP-324), e enviou equipes ao local. Segundo a Prefeitura de Vinhedo, o avi\u00e3o caiu no condom\u00ednio residencial Recanto Florido.<\/p>\n\n\n\n<p>Hospitais de Vinhedo e Valinhos (SP), cidade vizinha, est\u00e3o sendo mobilizados para receber poss\u00edveis feridos. O Corpo de Bombeiros, a Defesa Civil e a Pol\u00edcia Militar est\u00e3o atendendo a ocorr\u00eancia no local.<\/p>\n\n\n\n<h2 class=\"wp-block-heading\" id=\"h-nota-companhia-aerea\">Nota companhia a\u00e9rea<\/h2>\n\n\n\n<p>\u201c<em>A VOEPASS Linhas A\u00e9reas informa a ocorr\u00eancia de um acidente envolvendo o voo 2283- avi\u00e3o PS \u2013 VPB, nesta ter\u00e7a-feira, dia 09 de agosto, na regi\u00e3o de Vinhedo\/SP. A aeronave decolou de&nbsp;<\/em><a href=\"https:\/\/g1.globo.com\/ce\/ceara\/cidade\/cascavel-ce\/\"><em>Cascavel<\/em><\/a><em>\/PR com destino ao Aeroporto de&nbsp;<\/em><a href=\"https:\/\/g1.globo.com\/sp\/sao-paulo\/cidade\/guarulhos\/\"><em>Guarulhos<\/em><\/a><em>, com 58 passageiros e 4 tripulantes a bordo.<\/em><\/p>\n\n\n\n<p><em>A VOEPASS acionou todos os meios para apoiar os envolvidos. N\u00e3o h\u00e1 ainda confirma\u00e7\u00e3o de como ocorreu o acidente e nem da situa\u00e7\u00e3o atual das pessoas que estavam a bordo.<\/em><\/p>\n\n\n\n<p><em>A Companhia est\u00e1 prestando, pelo telefone 0800 9419712, dispon\u00edvel 24h, informa\u00e7\u00f5es a todos os seus passageiros, familiares e colaboradores.<\/em>\u201c<\/p>\n\n\n\n<h2 class=\"wp-block-heading\" id=\"h-nota-aeroporto-de-cascavel\">Nota aeroporto de Cascavel<\/h2>\n\n\n\n<p>\u201c<em>A gest\u00e3o do Aeroporto Regional de Cascavel informa que aguarda informa\u00e7\u00f5es da companhia a\u00e9rea Passaredo que, no momento, \u00e9 o \u00fanico \u00f3rg\u00e3o que det\u00e9m informa\u00e7\u00f5es oficiais.<\/em><\/p>\n\n\n\n<p><em>Uma opera\u00e7\u00e3o padr\u00e3o de emerg\u00eancia regida pela equipe do Aeroporto est\u00e1 em curso para entrar em contato com as fam\u00edlias de poss\u00edveis v\u00edtimas.<\/em><\/p>\n\n\n\n<p><em>A aeronave que saiu do Aeroporto Regional de Cascavel com destino a Guarulhos, caiu cidade de Vinhedo, S\u00e3o Paulo, na tarde desta sexta-feira (9).<\/em><\/p>\n\n\n\n<p><strong><em>Fonte: O Jacar\u00e9<\/em><\/strong><\/p>\n","protected":false},"excerpt":{"rendered":"<p>Um avi\u00e3o com 58 passageiros e quatro tripulantes caiu na regi\u00e3o do bairro Capela, em Vinhedo (SP), no in\u00edcio da<\/p>\n","protected":false},"author":1,"featured_media":7079,"comment_status":"open","ping_status":"open","sticky":false,"template":"","format":"standard","meta":{"footnotes":""},"categories":[2],"tags":[],"class_list":["post-7078","post","type-post","status-publish","format-standard","has-post-thumbnail","hentry","category-noticias"],"_links":{"self":[{"href":"https:\/\/jornaloalvorada.com.br\/site\/wp-json\/wp\/v2\/posts\/7078","targetHints":{"allow":["GET"]}}],"collection":[{"href":"https:\/\/jornaloalvorada.com.br\/site\/wp-json\/wp\/v2\/posts"}],"about":[{"href":"https:\/\/jornaloalvorada.com.br\/site\/wp-json\/wp\/v2\/types\/post"}],"author":[{"embeddable":true,"href":"https:\/\/jornaloalvorada.com.br\/site\/wp-json\/wp\/v2\/users\/1"}],"replies":[{"embeddable":true,"href":"https:\/\/jornaloalvorada.com.br\/site\/wp-json\/wp\/v2\/comments?post=7078"}],"version-history":[{"count":1,"href":"https:\/\/jornaloalvorada.com.br\/site\/wp-json\/wp\/v2\/posts\/7078\/revisions"}],"predecessor-version":[{"id":7080,"href":"https:\/\/jornaloalvorada.com.br\/site\/wp-json\/wp\/v2\/posts\/7078\/revisions\/7080"}],"wp:featuredmedia":[{"embeddable":true,"href":"https:\/\/jornaloalvorada.com.br\/site\/wp-json\/wp\/v2\/media\/7079"}],"wp:attachment":[{"href":"https:\/\/jornaloalvorada.com.br\/site\/wp-json\/wp\/v2\/media?parent=7078"}],"wp:term":[{"taxonomy":"category","embeddable":true,"href":"https:\/\/jornaloalvorada.com.br\/site\/wp-json\/wp\/v2\/categories?post=7078"},{"taxonomy":"post_tag","embeddable":true,"href":"https:\/\/jornaloalvorada.com.br\/site\/wp-json\/wp\/v2\/tags?post=7078"}],"curies":[{"name":"wp","href":"https:\/\/api.w.org\/{rel}","templated":true}]}}