{"id":7075,"date":"2024-08-09T14:19:39","date_gmt":"2024-08-09T18:19:39","guid":{"rendered":"https:\/\/jornaloalvorada.com.br\/site\/?p=7075"},"modified":"2024-08-09T14:19:42","modified_gmt":"2024-08-09T18:19:42","slug":"policia-e-energisa-revelam-prejuizo-de-r-1-milhao-em-fraudes-de-energia-em-ms","status":"publish","type":"post","link":"https:\/\/jornaloalvorada.com.br\/site\/2024\/08\/09\/policia-e-energisa-revelam-prejuizo-de-r-1-milhao-em-fraudes-de-energia-em-ms\/","title":{"rendered":"Pol\u00edcia e Energisa revelam preju\u00edzo de R$ 1 milh\u00e3o em fraudes de energia em MS"},"content":{"rendered":"\n<p>A Pol\u00edcia Civil, representada pelo Delegado-Geral Adjunto \u2013 M\u00e1rcio Cust\u00f3dio e a Energisa representada pelo Coordenador Comercial \u2013 Jonas Ortiz, divulgaram na tarde desta quinta-feira, 08\/08, em coletiva de imprensa, o balan\u00e7o do primeiro semestre da opera\u00e7\u00e3o \u201cLuminar\u201d, destinada ao combate de fraudes em medidores de energia em resid\u00eancias e estabelecimentos comerciais da cidade. A opera\u00e7\u00e3o teve in\u00edcio em fevereiro e em todas as a\u00e7\u00f5es contou tamb\u00e9m com o aux\u00edlio da Coordenadoria-Geral de Per\u00edcias, da Pol\u00edcia Civi, al\u00e9m das delegacias dos munic\u00edpios vistoriados.<\/p>\n\n\n\n<p>At\u00e9 o momento, passaram por fiscaliza\u00e7\u00e3o 14 munic\u00edpios em 16 a\u00e7\u00f5es, sendo: Rio Verde (4 conduzidos), Bela Vista (4 conduzidos), Amambai (4 conduzidos), Corumb\u00e1 (7 conduzidos), Costa Rica (7 conduzidos), Nova Alvorada do Sul (8 conduzidos), Ribas do Rio Pardo (5 conduzidos), Miranda (6 conduzidos), Ivinhema (7 conduzidos), Itapor\u00e3 (5 conduzidos), \u00c1gua Clara (4 conduzidos), Sidrol\u00e2ndia (7 conduzidos), Campo Grande (12 conduzidos) e Gl\u00f3ria de Dourados (8 conduzidos), totalizando um preju\u00edzo de mais de R$ 1 milh\u00e3o.<\/p>\n\n\n\n<p>Durante as investiga\u00e7\u00f5es, foram levantados 321 pontos com poss\u00edveis fraudes. Destes, 114 j\u00e1 foram fiscalizados, resultando na condu\u00e7\u00e3o de 88 pessoas, para as delegacias de Pol\u00edcia Civil. Essas pessoas ser\u00e3o responsabilizadas criminalmente pela pr\u00e1tica ilegal de manipula\u00e7\u00e3o do sistema de medi\u00e7\u00e3o, nos crimes de furto ou estelionato, conforme os artigos 155 e 171 do C\u00f3digo Penal brasileiro.<\/p>\n\n\n\n<p>Com esta atua\u00e7\u00e3o ostensiva, 2024 apresenta um n\u00famero de ilegalidade 60% maior que todo o ano passado, conforme balan\u00e7o apresentado pela Energisa. De janeiro a junho deste ano foram identificadas 4.236 irregularidades, sendo que em todo o ano de 2023 foram 6.949.<\/p>\n\n\n\n<p>De acordo com o Delegado-Geral Adjunto, M\u00e1rcio Cust\u00f3dio, al\u00e9m dos aspectos criminais, essas fraudes representam um risco significativo \u00e0 seguran\u00e7a, devido \u00e0s liga\u00e7\u00f5es clandestinas que podem provocar inc\u00eandios, explos\u00f5es e at\u00e9 a morte de pessoas ou animais. O delegado ressaltou ainda que \u201cO foco da a\u00e7\u00e3o n\u00e3o \u00e9 prejudicar fam\u00edlias em vulnerabilidade social e sim coibir aqueles que pela gan\u00e2ncia querem potencializar seus lucros, desviar recursos e que deixam de incrementar a arrecada\u00e7\u00e3o da concession\u00e1ria, que tendo preju\u00edzo acaba sendo obrigada a aumentar a conta de energia, impactando toda a popula\u00e7\u00e3o, al\u00e9m do Estado que deixa de arrecadar recursos, que poderiam ser utilizados para a sa\u00fade, a seguran\u00e7a ou em benef\u00edcios sociais\u201d, explicou.<\/p>\n\n\n\n<p>No primeiro semestre de 2024 foram mais de R$ 28 milh\u00f5es que deixaram de ser repassados aos cofres p\u00fablicos, n\u00famero 27% maior que o mesmo per\u00edodo de 2023, quando o valor n\u00e3o repassado foi de pouco mais de R$ 22 milh\u00f5es.<\/p>\n\n\n\n<p>Vistoria<\/p>\n\n\n\n<p>De acordo com as informa\u00e7\u00f5es levantadas, ap\u00f3s investiga\u00e7\u00f5es preliminares e an\u00e1lise de dados fornecidos pela concession\u00e1ria de energia el\u00e9trica, foram identificadas discrep\u00e2ncias significativas nos registros de consumo, o que levou as equipes de policiais, peritos e t\u00e9cnicos da Energisa a vistoriarem padr\u00f5es de energia el\u00e9trica nos im\u00f3veis.<\/p>\n\n\n\n<p>Conforme a Energisa, as fraudes sobrecarregam a rede el\u00e9trica, comprometendo a qualidade do servi\u00e7o e aumentando a probabilidade de interrup\u00e7\u00f5es e oscila\u00e7\u00f5es no fornecimento de energia. Segundo a Ag\u00eancia Nacional de Energia El\u00e9trica (ANEEL), o volume de fraudes no Brasil \u00e9 alarmante, representando mais de 31,5 mil gigawatts, quantidade suficiente para abastecer grande parte do Estado de Mato Grosso do Sul.<\/p>\n\n\n\n<p>Para detectar as fraudes, a Energisa tem investido em tecnologia com utiliza\u00e7\u00e3o de intelig\u00eancia artificial, o que tem permitido uma atua\u00e7\u00e3o rigorosa e imediata nas unidades consumidoras que est\u00e3o desviando energia. \u201cO furto de energia coloca em risco a popula\u00e7\u00e3o em volta, causa danos na rede de energia e impacta na qualidade de fornecimento, al\u00e9m de elevar o custo da energia dos demais consumidores, portanto, atrav\u00e9s da intelig\u00eancia artificial estamos com investiga\u00e7\u00e3o em andamento nos 74 munic\u00edpios a qual somos respons\u00e1veis pela distribui\u00e7\u00e3o e continuaremos a fiscalizar fortemente todos os com\u00e9rcios, ind\u00fastrias e demais unidades consumidoras. Atuaremos com rigor m\u00e1ximo para disciplinar tanto quem faz, como quem se beneficia do furto de energia\u201d, afirma o coordenador comercial da Energisa MS, Jonas Ortiz.<\/p>\n\n\n\n<p>Ap\u00f3s o in\u00edcio das a\u00e7\u00f5es, os pr\u00f3prios clientes da concession\u00e1ria t\u00eam realizado den\u00fancias de suspeitas de fraude. Em 2023 a m\u00e9dia foi de 6.096 den\u00fancias e apontamentos de suspeitas de ilegalidades. No primeiro semestre de 2024 a m\u00e9dia foi de 8.686 den\u00fancias e apontamentos, um n\u00famero 42% maior que todo o ano passado.<\/p>\n\n\n\n<p>Den\u00fancia<\/p>\n\n\n\n<p>Para denunciar o furto de energia, o cliente pode utilizar os canais de atendimento da Energisa. A identidade de quem denuncia ser\u00e1 mantida em total anonimato.<\/p>\n\n\n\n<p>site:\u202fenergisa.com.br<\/p>\n\n\n\n<p>whatsApp Gisa: (67) 99980-0698<\/p>\n\n\n\n<p>aplicativo Energisa On<\/p>\n\n\n\n<p>call center: 0800 722 7272<\/p>\n","protected":false},"excerpt":{"rendered":"<p>A Pol\u00edcia Civil, representada pelo Delegado-Geral Adjunto \u2013 M\u00e1rcio Cust\u00f3dio e a Energisa representada pelo Coordenador Comercial \u2013 Jonas Ortiz,<\/p>\n","protected":false},"author":1,"featured_media":7076,"comment_status":"open","ping_status":"open","sticky":false,"template":"","format":"standard","meta":{"footnotes":""},"categories":[2],"tags":[],"class_list":["post-7075","post","type-post","status-publish","format-standard","has-post-thumbnail","hentry","category-noticias"],"_links":{"self":[{"href":"https:\/\/jornaloalvorada.com.br\/site\/wp-json\/wp\/v2\/posts\/7075","targetHints":{"allow":["GET"]}}],"collection":[{"href":"https:\/\/jornaloalvorada.com.br\/site\/wp-json\/wp\/v2\/posts"}],"about":[{"href":"https:\/\/jornaloalvorada.com.br\/site\/wp-json\/wp\/v2\/types\/post"}],"author":[{"embeddable":true,"href":"https:\/\/jornaloalvorada.com.br\/site\/wp-json\/wp\/v2\/users\/1"}],"replies":[{"embeddable":true,"href":"https:\/\/jornaloalvorada.com.br\/site\/wp-json\/wp\/v2\/comments?post=7075"}],"version-history":[{"count":1,"href":"https:\/\/jornaloalvorada.com.br\/site\/wp-json\/wp\/v2\/posts\/7075\/revisions"}],"predecessor-version":[{"id":7077,"href":"https:\/\/jornaloalvorada.com.br\/site\/wp-json\/wp\/v2\/posts\/7075\/revisions\/7077"}],"wp:featuredmedia":[{"embeddable":true,"href":"https:\/\/jornaloalvorada.com.br\/site\/wp-json\/wp\/v2\/media\/7076"}],"wp:attachment":[{"href":"https:\/\/jornaloalvorada.com.br\/site\/wp-json\/wp\/v2\/media?parent=7075"}],"wp:term":[{"taxonomy":"category","embeddable":true,"href":"https:\/\/jornaloalvorada.com.br\/site\/wp-json\/wp\/v2\/categories?post=7075"},{"taxonomy":"post_tag","embeddable":true,"href":"https:\/\/jornaloalvorada.com.br\/site\/wp-json\/wp\/v2\/tags?post=7075"}],"curies":[{"name":"wp","href":"https:\/\/api.w.org\/{rel}","templated":true}]}}