{"id":7049,"date":"2024-08-07T08:04:54","date_gmt":"2024-08-07T12:04:54","guid":{"rendered":"https:\/\/jornaloalvorada.com.br\/site\/?p=7049"},"modified":"2024-08-07T08:05:02","modified_gmt":"2024-08-07T12:05:02","slug":"campanha-todosporelas-une-governo-alems-e-tj-contra-o-feminicidio","status":"publish","type":"post","link":"https:\/\/jornaloalvorada.com.br\/site\/2024\/08\/07\/campanha-todosporelas-une-governo-alems-e-tj-contra-o-feminicidio\/","title":{"rendered":"Campanha #TodosPorElas une Governo, Alems e TJ contra o Feminic\u00eddio"},"content":{"rendered":"\n<p>Nesta quarta-feira (7), data da san\u00e7\u00e3o dos 18 anos da Lei Maria da Penha, o Governo do Estado, a Alems (Assembleia Legislativa de Mato Grosso do Sul) e o TJMS (Tribunal de Justi\u00e7a do Mato Grosso do Sul), lan\u00e7am a campanha #TodosPorElas, que tem como objetivo a preven\u00e7\u00e3o e a erradica\u00e7\u00e3o do feminic\u00eddio. O evento ser\u00e1 \u00e0s 16h no audit\u00f3rio Germano Barros de Souza, no Centro de Conven\u00e7\u00f5es Arquiteto Rubens Gil de Camillo, em Campo Grande.<\/p>\n\n\n\n<p>Na ocasi\u00e3o ser\u00e1 assinado o Pacto de Compromisso entre os poderes e o Termo de Ades\u00e3o de Parcerias Estrat\u00e9gicas por diversas entidades e empresas, representando um esfor\u00e7o conjunto de todos no combate ao feminic\u00eddio. Al\u00e9m da mobiliza\u00e7\u00e3o nos 79 munic\u00edpios convidados a hastear a bandeira #TodosPorElas, enviada para cada prefeitura previamente.<\/p>\n\n\n\n<p>Dados do Anu\u00e1rio Brasileiro de Seguran\u00e7a P\u00fablica (2023) mostram que 1.467 mulheres foram v\u00edtimas de feminic\u00eddio no Brasil, sendo 63,6% negras, 71,1% na faixa et\u00e1ria de 18 a 44 anos e 64,3% foram mortas em suas resid\u00eancias, resultando assim no maior n\u00famero registrado desde a cria\u00e7\u00e3o da Lei do Feminic\u00eddio (Lei n\u00ba 13.104\/2015).<\/p>\n\n\n\n<p>Ainda de acordo com o Anu\u00e1rio, Mato Grosso do Sul apresentou uma redu\u00e7\u00e3o de 32% em sua taxa de feminic\u00eddio, caindo de 3,1 em 2022 para 2,1 v\u00edtimas\/100.000 mulheres em 2023. Esta diminui\u00e7\u00e3o da taxa de feminic\u00eddios fez com que o Estado sa\u00edsse de 1\u00ba para o 6\u00ba com a pior taxa de feminic\u00eddios comparado aos outros estados.<\/p>\n\n\n\n<p>A campanha #TodosPorElas tem foco na sensibiliza\u00e7\u00e3o e mobiliza\u00e7\u00e3o tanto das institui\u00e7\u00f5es, empresas e principalmente da sociedade civil, podendo ser acessada por meio do compartilhamento de pe\u00e7as disponibilizadas gradativamente, bem como pela hashtag #TodosPorElas nas redes sociais. Tamb\u00e9m \u00e9 poss\u00edvel apoiar usando o cora\u00e7\u00e3o lil\u00e1s, s\u00edmbolo do movimento.<\/p>\n\n\n\n<p>Para mais informa\u00e7\u00f5es e acesso aos materiais de divulga\u00e7\u00e3o, os interessados podem visitar a plataforma oficial clicando <a href=\"https:\/\/www5.tjms.jus.br\/todosporelas\/\">aqui<\/a>.<\/p>\n\n\n\n<p><em>Jaqueline Tente, Setesc<\/em><\/p>\n\n\n\n<p><em>Foto: divulga\u00e7\u00e3o<\/em><\/p>\n","protected":false},"excerpt":{"rendered":"<p>Nesta quarta-feira (7), data da san\u00e7\u00e3o dos 18 anos da Lei Maria da Penha, o Governo do Estado, a Alems<\/p>\n","protected":false},"author":1,"featured_media":7050,"comment_status":"open","ping_status":"open","sticky":false,"template":"","format":"standard","meta":{"footnotes":""},"categories":[2],"tags":[],"class_list":["post-7049","post","type-post","status-publish","format-standard","has-post-thumbnail","hentry","category-noticias"],"_links":{"self":[{"href":"https:\/\/jornaloalvorada.com.br\/site\/wp-json\/wp\/v2\/posts\/7049","targetHints":{"allow":["GET"]}}],"collection":[{"href":"https:\/\/jornaloalvorada.com.br\/site\/wp-json\/wp\/v2\/posts"}],"about":[{"href":"https:\/\/jornaloalvorada.com.br\/site\/wp-json\/wp\/v2\/types\/post"}],"author":[{"embeddable":true,"href":"https:\/\/jornaloalvorada.com.br\/site\/wp-json\/wp\/v2\/users\/1"}],"replies":[{"embeddable":true,"href":"https:\/\/jornaloalvorada.com.br\/site\/wp-json\/wp\/v2\/comments?post=7049"}],"version-history":[{"count":1,"href":"https:\/\/jornaloalvorada.com.br\/site\/wp-json\/wp\/v2\/posts\/7049\/revisions"}],"predecessor-version":[{"id":7051,"href":"https:\/\/jornaloalvorada.com.br\/site\/wp-json\/wp\/v2\/posts\/7049\/revisions\/7051"}],"wp:featuredmedia":[{"embeddable":true,"href":"https:\/\/jornaloalvorada.com.br\/site\/wp-json\/wp\/v2\/media\/7050"}],"wp:attachment":[{"href":"https:\/\/jornaloalvorada.com.br\/site\/wp-json\/wp\/v2\/media?parent=7049"}],"wp:term":[{"taxonomy":"category","embeddable":true,"href":"https:\/\/jornaloalvorada.com.br\/site\/wp-json\/wp\/v2\/categories?post=7049"},{"taxonomy":"post_tag","embeddable":true,"href":"https:\/\/jornaloalvorada.com.br\/site\/wp-json\/wp\/v2\/tags?post=7049"}],"curies":[{"name":"wp","href":"https:\/\/api.w.org\/{rel}","templated":true}]}}