{"id":7042,"date":"2024-08-06T09:34:15","date_gmt":"2024-08-06T13:34:15","guid":{"rendered":"https:\/\/jornaloalvorada.com.br\/site\/?p=7042"},"modified":"2024-08-06T09:34:18","modified_gmt":"2024-08-06T13:34:18","slug":"lula-e-vaiado-em-cerimonia-no-chile-assista","status":"publish","type":"post","link":"https:\/\/jornaloalvorada.com.br\/site\/2024\/08\/06\/lula-e-vaiado-em-cerimonia-no-chile-assista\/","title":{"rendered":"Lula \u00e9 vaiado em cerim\u00f4nia no Chile; assista"},"content":{"rendered":"\n<p>O presidente <a href=\"https:\/\/monitor.poder360.com.br\/politicos-do-brasil\/929674?ano=undefined\" target=\"_blank\" rel=\"noreferrer noopener\">Luiz In\u00e1cio Lula da Silva<\/a> (PT) foi alvo de aplausos e vaias durante cerim\u00f4nia no Chile na manh\u00e3 desta 2\u00aa feira (5.jul.2024). Ao ser anunciado pelo locutor, pessoas que assistiam \u00e0 cerim\u00f4nia nas imedia\u00e7\u00f5es reagiram \u00e0 passagem do petista, com<strong>&nbsp;mais vaias que aplausos<\/strong>.<\/p>\n\n\n\n<p>O caso se deu na Pra\u00e7a da Cidadania, onde depositou flores junto ao monumento ao Libertador Bernardo O\u2019Higgins.<\/p>\n\n\n\n<p><strong>Assista (1min11s):<\/strong><\/p>\n\n\n\n<figure class=\"wp-block-embed is-type-video is-provider-youtube wp-block-embed-youtube wp-embed-aspect-16-9 wp-has-aspect-ratio\"><div class=\"wp-block-embed__wrapper\">\n<iframe loading=\"lazy\" title=\"Lula \u00e9 vaiado em cerim\u00f4nia no Chile\" width=\"800\" height=\"450\" src=\"https:\/\/www.youtube.com\/embed\/GkS8omVtaCk?feature=oembed\" frameborder=\"0\" allow=\"accelerometer; autoplay; clipboard-write; encrypted-media; gyroscope; picture-in-picture; web-share\" referrerpolicy=\"strict-origin-when-cross-origin\" allowfullscreen><\/iframe>\n<\/div><\/figure>\n\n\n\n<h2 class=\"wp-block-heading\">VISITA DE ESTADO<\/h2>\n\n\n\n<p>Lula chegou \u00e0 Pra\u00e7a da Cidadania \u00e0s 10h40 (hor\u00e1rio de Bras\u00edlia), onde depositou flores junto ao monumento ao Libertador Bernardo O\u2019Higgins. Em seguida, foi recebido pelo presidente do Chile, Gabriel Boric (Converg\u00eancia Social, esquerda), e passou em revista \u00e0s tropas chilenas.<\/p>\n\n\n\n<p>Os 2 presidentes fizeram 1\u00ba um encontro restrito e depois ampliaram para uma reuni\u00e3o com ministros e congressistas dos 2 pa\u00edses. Embora oficialmente o impasse eleitoral na Venezuela n\u00e3o estivesse na agenda oficial do encontro, o tema foi um dos principais pontos de discuss\u00e3o.<\/p>\n\n\n\n<p>Logo depois da elei\u00e7\u00e3o venezuelana, Lula e Boric divergiram.<\/p>\n\n\n\n<p>Ambos cobraram a divulga\u00e7\u00e3o das atas das urnas eletr\u00f4nicas do pa\u00eds vizinho depois que o Conselho Nacional Eleitoral venezuelano declarou o presidente Nicol\u00e1s Maduro (Partido Socialista Unido da Venezuela, esquerda) reeleito. A oposi\u00e7\u00e3o contesta at\u00e9 o momento o resultado, diz que houve fraude e que Edmundo Gonz\u00e1lez Urrutia (Plataforma Unit\u00e1ria Democr\u00e1tica, centro-direita) \u00e9 o verdadeiro vencedor do pleito.<\/p>\n\n\n\n<p>Na \u00e9poca, Boric foi enf\u00e1tico ao dizer que n\u00e3o reconhecer\u00e1 a vit\u00f3ria do l\u00edder chavista sem que os resultados possam ser verificados, inclusive por observadores internacionais. Disse ser <em>\u201cdif\u00edcil de acreditar\u201d<\/em> no resultado. O embaixador chileno na Venezuela, Ar\u00e9valo M\u00e9ndez, foi expulso em 29 de julho por causa dos questionamentos de Boric.<\/p>\n\n\n\n<p>Lula, por outro lado, <a href=\"https:\/\/www.poder360.com.br\/poder-governo\/governo\/nada-de-anormal-diz-lula-sobre-processo-eleitoral-na-venezuela\/#:~:text=Presidente%20disse%20que%20cabe%20%C3%A0,como%20a%20%E2%80%9C3%C2%AA%20Guerra%20Mundial%E2%80%9D&amp;text=O%20presidente%20Luiz%20In%C3%A1cio%20Lula,no%20proces\">minimizou a situa\u00e7\u00e3o<\/a>. Disse em 30 de julho que <em>\u201cn\u00e3o h\u00e1 nada de grave\u201d<\/em> ou de<em> \u201canormal\u201d<\/em> no processo eleitoral do pa\u00eds vizinho. Afirmou que cabe \u00e0 Justi\u00e7a decidir sobre o resultado e criticou a imprensa por tratar o caso como se fosse a<em> \u201c3\u00aa Guerra Mundial\u201d<\/em>. Embora fa\u00e7a cobran\u00e7as, a diplomacia brasileira adotou um tom de neutralidade para se colocar como mediadora do di\u00e1logo entre Maduro e a oposi\u00e7\u00e3o.<\/p>\n\n\n\n<p><strong><em>Fonte: Poder360<\/em><\/strong><\/p>\n","protected":false},"excerpt":{"rendered":"<p>O presidente Luiz In\u00e1cio Lula da Silva (PT) foi alvo de aplausos e vaias durante cerim\u00f4nia no Chile na manh\u00e3<\/p>\n","protected":false},"author":1,"featured_media":7043,"comment_status":"open","ping_status":"open","sticky":false,"template":"","format":"standard","meta":{"footnotes":""},"categories":[2],"tags":[],"class_list":["post-7042","post","type-post","status-publish","format-standard","has-post-thumbnail","hentry","category-noticias"],"_links":{"self":[{"href":"https:\/\/jornaloalvorada.com.br\/site\/wp-json\/wp\/v2\/posts\/7042","targetHints":{"allow":["GET"]}}],"collection":[{"href":"https:\/\/jornaloalvorada.com.br\/site\/wp-json\/wp\/v2\/posts"}],"about":[{"href":"https:\/\/jornaloalvorada.com.br\/site\/wp-json\/wp\/v2\/types\/post"}],"author":[{"embeddable":true,"href":"https:\/\/jornaloalvorada.com.br\/site\/wp-json\/wp\/v2\/users\/1"}],"replies":[{"embeddable":true,"href":"https:\/\/jornaloalvorada.com.br\/site\/wp-json\/wp\/v2\/comments?post=7042"}],"version-history":[{"count":1,"href":"https:\/\/jornaloalvorada.com.br\/site\/wp-json\/wp\/v2\/posts\/7042\/revisions"}],"predecessor-version":[{"id":7044,"href":"https:\/\/jornaloalvorada.com.br\/site\/wp-json\/wp\/v2\/posts\/7042\/revisions\/7044"}],"wp:featuredmedia":[{"embeddable":true,"href":"https:\/\/jornaloalvorada.com.br\/site\/wp-json\/wp\/v2\/media\/7043"}],"wp:attachment":[{"href":"https:\/\/jornaloalvorada.com.br\/site\/wp-json\/wp\/v2\/media?parent=7042"}],"wp:term":[{"taxonomy":"category","embeddable":true,"href":"https:\/\/jornaloalvorada.com.br\/site\/wp-json\/wp\/v2\/categories?post=7042"},{"taxonomy":"post_tag","embeddable":true,"href":"https:\/\/jornaloalvorada.com.br\/site\/wp-json\/wp\/v2\/tags?post=7042"}],"curies":[{"name":"wp","href":"https:\/\/api.w.org\/{rel}","templated":true}]}}