{"id":7040,"date":"2024-08-06T08:27:00","date_gmt":"2024-08-06T12:27:00","guid":{"rendered":"https:\/\/jornaloalvorada.com.br\/site\/?p=7040"},"modified":"2024-08-06T09:28:15","modified_gmt":"2024-08-06T13:28:15","slug":"previsao-do-tempo-terca-feira-sera-de-sol-e-ceu-firme-onda-de-frio-comeca-a-chegar-na-quarta-feira","status":"publish","type":"post","link":"https:\/\/jornaloalvorada.com.br\/site\/2024\/08\/06\/previsao-do-tempo-terca-feira-sera-de-sol-e-ceu-firme-onda-de-frio-comeca-a-chegar-na-quarta-feira\/","title":{"rendered":"Previs\u00e3o do tempo: ter\u00e7a-feira ser\u00e1 de sol e c\u00e9u firme; onda de frio come\u00e7a a chegar na quarta-feira"},"content":{"rendered":"\n<p>A previs\u00e3o do tempo para os pr\u00f3ximos dias indica uma semana marcada por calor intenso e condi\u00e7\u00f5es secas em todo o Mato Grosso do Sul. At\u00e9 quarta-feira o tempo segue firme, com sol predominante e varia\u00e7\u00e3o de nebulosidade. A temperatura dever\u00e1 se manter acima da m\u00e9dia, com valores que podem variar entre 34\u00b0C e 37\u00b0C, principalmente nas regi\u00f5es sudoeste, pantaneira e norte do Estado, segundo o Cemtec (Centro de Monitoramento do Tempo e do Clima).<\/p>\n\n\n\n<p>Coordenado pela meteorologista Valesca Fernandes, o Cemtec aponta que a atua\u00e7\u00e3o de um sistema de alta press\u00e3o atmosf\u00e9rica \u00e9 a respons\u00e1vel por inibir a forma\u00e7\u00e3o de nuvens e chuvas, resultando em um ambiente seco e quente. A umidade relativa do ar continua sendo baixa, variando entre 10% e 30%, o que aumenta o risco de inc\u00eandios florestais.<\/p>\n\n\n\n<p>A recomenda\u00e7\u00e3o das autoridades \u00e9 para que a popula\u00e7\u00e3o evite atear fogo em vegeta\u00e7\u00e3o ou outros materiais, pois as condi\u00e7\u00f5es clim\u00e1ticas s\u00e3o prop\u00edcias para a ocorr\u00eancia de inc\u00eandios.<\/p>\n\n\n\n<p>As temperaturas m\u00ednimas esperadas para os pr\u00f3ximas dias ficam entre 18\u00b0C e 20\u00b0C nas regi\u00f5es sul, leste e sudeste, enquanto as m\u00e1ximas variam entre 30\u00b0C e 34\u00b0C. Nas regi\u00f5es pantaneira e sudoeste, as m\u00ednimas dever\u00e3o ficar entre 21\u00b0C e 24\u00b0C e as m\u00e1ximas entre 35\u00b0C e 37\u00b0C. J\u00e1 nas regi\u00f5es norte e Bols\u00e3o, as m\u00ednimas ficam entre 19\u00b0C e 20\u00b0C, com m\u00e1ximas alcan\u00e7ando entre 32\u00b0C e 34\u00b0C. Em Campo Grande a m\u00ednima ser\u00e1 de 22\u00b0C, com m\u00e1xima de 32\u00b0C.<\/p>\n\n\n\n<p>Al\u00e9m disso, os ventos estar\u00e3o atuando predominantemente do quadrante norte (norte\/nordeste) com velocidades entre 40 km\/h e 60 km\/h, podendo haver rajadas que ultrapassam os 60 km\/h.<\/p>\n\n\n\n<figure class=\"wp-block-image\"><a href=\"https:\/\/agenciadenoticias.ms.gov.br\/wp-content\/uploads\/2024\/08\/previsao-5-8.jpg\"><img decoding=\"async\" src=\"https:\/\/agenciadenoticias.ms.gov.br\/wp-content\/uploads\/2024\/08\/previsao-5-8.jpg\" alt=\"\"\/><\/a><\/figure>\n\n\n\n<p><strong>Mudan\u00e7as a partir de quarta<\/strong><\/p>\n\n\n\n<p>A partir de quarta-feira (7) o cen\u00e1rio meteorol\u00f3gico come\u00e7ar\u00e1 a mudar com a aproxima\u00e7\u00e3o de uma intensa frente fria. Entre quarta e sexta-feira (9), espera-se um aumento na nebulosidade e probabilidade de chuvas, al\u00e9m de uma queda acentuada nas temperaturas, especialmente na metade sul de Mato Grosso do Sul.<\/p>\n\n\n\n<p>Haver\u00e1 melhora nos \u00edndices de umidade relativa do ar, com as menores temperaturas previstas chegando at\u00e9 aos 4\u00b0C. Pontualmente podem ocorrer valores abaixo de 4\u00b0C. O ar frio dever\u00e1 avan\u00e7ar para todo o Estado e n\u00e3o ficar restrito apenas ao sul, fazendo assim com que as m\u00edninas variem entre a casa dos 6\u00b0C aos 12\u00b0C.<\/p>\n\n\n\n<p><em>Comunica\u00e7\u00e3o Governo de MS<\/em><br><em>Foto: \u00c1lvaro Rezende<\/em><\/p>\n","protected":false},"excerpt":{"rendered":"<p>A previs\u00e3o do tempo para os pr\u00f3ximos dias indica uma semana marcada por calor intenso e condi\u00e7\u00f5es secas em todo<\/p>\n","protected":false},"author":1,"featured_media":5339,"comment_status":"open","ping_status":"open","sticky":false,"template":"","format":"standard","meta":{"footnotes":""},"categories":[2],"tags":[],"class_list":["post-7040","post","type-post","status-publish","format-standard","has-post-thumbnail","hentry","category-noticias"],"_links":{"self":[{"href":"https:\/\/jornaloalvorada.com.br\/site\/wp-json\/wp\/v2\/posts\/7040","targetHints":{"allow":["GET"]}}],"collection":[{"href":"https:\/\/jornaloalvorada.com.br\/site\/wp-json\/wp\/v2\/posts"}],"about":[{"href":"https:\/\/jornaloalvorada.com.br\/site\/wp-json\/wp\/v2\/types\/post"}],"author":[{"embeddable":true,"href":"https:\/\/jornaloalvorada.com.br\/site\/wp-json\/wp\/v2\/users\/1"}],"replies":[{"embeddable":true,"href":"https:\/\/jornaloalvorada.com.br\/site\/wp-json\/wp\/v2\/comments?post=7040"}],"version-history":[{"count":1,"href":"https:\/\/jornaloalvorada.com.br\/site\/wp-json\/wp\/v2\/posts\/7040\/revisions"}],"predecessor-version":[{"id":7041,"href":"https:\/\/jornaloalvorada.com.br\/site\/wp-json\/wp\/v2\/posts\/7040\/revisions\/7041"}],"wp:featuredmedia":[{"embeddable":true,"href":"https:\/\/jornaloalvorada.com.br\/site\/wp-json\/wp\/v2\/media\/5339"}],"wp:attachment":[{"href":"https:\/\/jornaloalvorada.com.br\/site\/wp-json\/wp\/v2\/media?parent=7040"}],"wp:term":[{"taxonomy":"category","embeddable":true,"href":"https:\/\/jornaloalvorada.com.br\/site\/wp-json\/wp\/v2\/categories?post=7040"},{"taxonomy":"post_tag","embeddable":true,"href":"https:\/\/jornaloalvorada.com.br\/site\/wp-json\/wp\/v2\/tags?post=7040"}],"curies":[{"name":"wp","href":"https:\/\/api.w.org\/{rel}","templated":true}]}}