{"id":7023,"date":"2024-08-05T17:28:48","date_gmt":"2024-08-05T21:28:48","guid":{"rendered":"https:\/\/jornaloalvorada.com.br\/site\/?p=7023"},"modified":"2024-08-05T17:28:51","modified_gmt":"2024-08-05T21:28:51","slug":"bioparque-pantanal-faz-parte-de-tema-de-defesa-de-mestrado-em-ensino-e-ciencias","status":"publish","type":"post","link":"https:\/\/jornaloalvorada.com.br\/site\/2024\/08\/05\/bioparque-pantanal-faz-parte-de-tema-de-defesa-de-mestrado-em-ensino-e-ciencias\/","title":{"rendered":"Bioparque Pantanal faz parte de tema de defesa de mestrado em ensino e ci\u00eancias"},"content":{"rendered":"\n<p>A educa\u00e7\u00e3o ambiental, um dos pilares do Bioparque Pantanal fez parte de disserta\u00e7\u00e3o do Programa de P\u00f3s-Gradua\u00e7\u00e3o em Ensino e Ci\u00eancias da Universidade Federal de Mato Grosso do Sul (UFMS) desenvolvido pelo mestrando Douglas Henrique Melo Alencar.<\/p>\n\n\n\n<p>Com o tema \u2018Elabora\u00e7\u00e3o de sequ\u00eancias did\u00e1ticas como ferramenta pedag\u00f3gica na forma\u00e7\u00e3o de professores tendo como eixos a educa\u00e7\u00e3o ambiental e o espa\u00e7o do Bioparque Pantanal\u2019, o trabalho teve como objetivo avaliar as sequ\u00eancias did\u00e1ticas produzidas por meio da oferta de uma forma\u00e7\u00e3o continuada de professores dos anos finais do ensino fundamental, com a tem\u00e1tica de Educa\u00e7\u00e3o Ambiental e espa\u00e7os n\u00e3o formais de ensino.<\/p>\n\n\n\n<p>Orientado pela professora Vera de Mattos Machado (UFMS), Douglas foi aprovado e recebeu o t\u00edtulo de mestre em Ensino e Ci\u00eancias. Al\u00e9m da orientadora, a banca examinadora foi composta pela professora Adriana Pugliesse Netto Lamas (UFABC) e professor Rog\u00e9rio Rodrigues Faria (UFMS).<\/p>\n\n\n\n<p>O Bioparque Pantanal busca sensibilizar e conscientizar os visitantes sobre a import\u00e2ncia do meio ambiente e do cuidado com o mesmo. Para isso, a estrutura conta com o N\u00facleo de Educa\u00e7\u00e3o Ambiental (NEA), composta por uma equipe multidisciplinar, com bi\u00f3logos e pedagogos que atuam no espa\u00e7o de produ\u00e7\u00e3o e potencializa\u00e7\u00e3o cient\u00edfica.<\/p>\n\n\n\n<p><em>Rosana Moura, Comunica\u00e7\u00e3o Bioparque Pantanal<\/em><br><em>Foto: Lara Miranda<\/em><\/p>\n","protected":false},"excerpt":{"rendered":"<p>A educa\u00e7\u00e3o ambiental, um dos pilares do Bioparque Pantanal fez parte de disserta\u00e7\u00e3o do Programa de P\u00f3s-Gradua\u00e7\u00e3o em Ensino e<\/p>\n","protected":false},"author":1,"featured_media":7024,"comment_status":"open","ping_status":"open","sticky":false,"template":"","format":"standard","meta":{"footnotes":""},"categories":[2],"tags":[],"class_list":["post-7023","post","type-post","status-publish","format-standard","has-post-thumbnail","hentry","category-noticias"],"_links":{"self":[{"href":"https:\/\/jornaloalvorada.com.br\/site\/wp-json\/wp\/v2\/posts\/7023","targetHints":{"allow":["GET"]}}],"collection":[{"href":"https:\/\/jornaloalvorada.com.br\/site\/wp-json\/wp\/v2\/posts"}],"about":[{"href":"https:\/\/jornaloalvorada.com.br\/site\/wp-json\/wp\/v2\/types\/post"}],"author":[{"embeddable":true,"href":"https:\/\/jornaloalvorada.com.br\/site\/wp-json\/wp\/v2\/users\/1"}],"replies":[{"embeddable":true,"href":"https:\/\/jornaloalvorada.com.br\/site\/wp-json\/wp\/v2\/comments?post=7023"}],"version-history":[{"count":1,"href":"https:\/\/jornaloalvorada.com.br\/site\/wp-json\/wp\/v2\/posts\/7023\/revisions"}],"predecessor-version":[{"id":7025,"href":"https:\/\/jornaloalvorada.com.br\/site\/wp-json\/wp\/v2\/posts\/7023\/revisions\/7025"}],"wp:featuredmedia":[{"embeddable":true,"href":"https:\/\/jornaloalvorada.com.br\/site\/wp-json\/wp\/v2\/media\/7024"}],"wp:attachment":[{"href":"https:\/\/jornaloalvorada.com.br\/site\/wp-json\/wp\/v2\/media?parent=7023"}],"wp:term":[{"taxonomy":"category","embeddable":true,"href":"https:\/\/jornaloalvorada.com.br\/site\/wp-json\/wp\/v2\/categories?post=7023"},{"taxonomy":"post_tag","embeddable":true,"href":"https:\/\/jornaloalvorada.com.br\/site\/wp-json\/wp\/v2\/tags?post=7023"}],"curies":[{"name":"wp","href":"https:\/\/api.w.org\/{rel}","templated":true}]}}