{"id":7020,"date":"2024-08-05T09:16:52","date_gmt":"2024-08-05T13:16:52","guid":{"rendered":"https:\/\/jornaloalvorada.com.br\/site\/?p=7020"},"modified":"2024-08-05T09:16:55","modified_gmt":"2024-08-05T13:16:55","slug":"entenda-polemica-envolvendo-boxeadora-argelina-na-olimpiada","status":"publish","type":"post","link":"https:\/\/jornaloalvorada.com.br\/site\/2024\/08\/05\/entenda-polemica-envolvendo-boxeadora-argelina-na-olimpiada\/","title":{"rendered":"Entenda pol\u00eamica envolvendo boxeadora argelina na Olimp\u00edada"},"content":{"rendered":"\n<p>A boxeadora argelina Imane Khelif venceu a italiana Angela Carini nas oitavas de final da categoria meio-m\u00e9dio nas Olimp\u00edadas de Paris ap\u00f3s 46 segundos de disputa. A italiana&nbsp;desistiu da luta ap\u00f3s ser atingida por pelo menos dois golpes potentes no rosto.<img decoding=\"async\" src=\"https:\/\/agenciabrasil.ebc.com.br\/ebc.png?id=1606446&amp;o=node\"><img decoding=\"async\" src=\"https:\/\/agenciabrasil.ebc.com.br\/ebc.gif?id=1606446&amp;o=node\"><\/p>\n\n\n\n<p>No entanto, a luta acabou se tornando uma pol\u00eamica dentro dos Jogos Ol\u00edmpicos.&nbsp;<\/p>\n\n\n\n<p>O caso teve in\u00edcio porque Imane Khelif <a href=\"https:\/\/agenciabrasil.ebc.com.br\/esportes\/noticia\/2024-08\/coi-lamenta-agressao-contra-boxeadoras-por-questao-de-genero\" target=\"_blank\" rel=\"noreferrer noopener\">n\u00e3o foi aprovada em um teste<\/a> feito pela Associa\u00e7\u00e3o Internacional de Boxe (AIB). De acordo com a entidade, a boxeadora n\u00e3o atendeu aos crit\u00e9rios de elegibilidade, e por isso, n\u00e3o disputou o campeonato mundial em 2023. A n\u00e3o aprova\u00e7\u00e3o iniciou um onda de questionamentos sobre o g\u00eanero da atleta.&nbsp;<\/p>\n\n\n\n<p>A AIB n\u00e3o informou os motivos da reprova\u00e7\u00e3o e quais testes foram aplicados, conforme not\u00edcias veiculadas pela imprensa.<\/p>\n\n\n\n<p>A boxeadora&nbsp;<a href=\"https:\/\/agenciabrasil.ebc.com.br\/esportes\/noticia\/2024-08\/coi-lamenta-agressao-contra-boxeadoras-por-questao-de-genero\" target=\"_blank\" rel=\"noreferrer noopener\">teve aval do COI para disputar em Paris<\/a>. O Comit\u00ea Ol\u00edmpico Internacional (COI), por sua vez, baniu a AIB&nbsp;devido a quest\u00f5es de governan\u00e7a e finan\u00e7as e argumenta que a atleta foi v\u00edtima de uma decis\u00e3o arbitr\u00e1ria da entidade.<\/p>\n\n\n\n<p>O COI disse ainda que as regras de elegibilidade para os Jogos de Paris 2024 foram baseadas nas dos Jogos de T\u00f3quio em 2021 e n\u00e3o podem ser alteradas durante uma competi\u00e7\u00e3o.<\/p>\n\n\n\n<h2 class=\"wp-block-heading\">Hiperandrogenismo<\/h2>\n\n\n\n<p>Nas redes sociais, a delega\u00e7\u00e3o da Arg\u00e9lia informou que Imane Khelif tem hiperandrogenismo, condi\u00e7\u00e3o m\u00e9dica caracterizada por n\u00edveis excessivamente altos de andr\u00f3genos ou horm\u00f4nios masculinos, o que teria levado \u00e0 sua&nbsp;desclassifica\u00e7\u00e3o&nbsp;do Mundial de Boxe. \u201cDesde esse epis\u00f3dio, Imane est\u00e1 em tratamento e as coisas voltaram ao normal desde que foi autorizada pelo COI a participar dos Jogos Ol\u00edmpicos de 2024\u201d, destacou a delega\u00e7\u00e3o.&nbsp;<\/p>\n\n\n\n<p>De acordo com a Associa\u00e7\u00e3o Americana de Endocrinologistas Cl\u00ednicos, hiperandrogenismo \u00e9 um termo usado para descrever alguns sinais cl\u00ednicos presentes em mulheres. As manifesta\u00e7\u00f5es geralmente s\u00e3o detectadas de acordo com cada especialidade m\u00e9dica. Um dermatologista, por exemplo, pode perceber acne, excesso de pelos e alopecia, enquanto um ginecologista pode detectar disfun\u00e7\u00f5es menstruais, como amenorreia ou aus\u00eancia de menstrua\u00e7\u00e3o, e disfun\u00e7\u00f5es ovarianas, como cistos e infertilidade.&nbsp;<\/p>\n\n\n\n<p>Na maioria dos casos, segundo&nbsp;a entidade, os sintomas n\u00e3o s\u00e3o percebidos at\u00e9 que a paciente chegue ao final da adolesc\u00eancia ou mesmo ap\u00f3s os 20 anos. \u201cA principal tarefa do m\u00e9dico ao tratar uma paciente com sintomas associados ao hiperandrogenismo &#8211; por exemplo, acne, hirsutismo, desordens reprodutivas e doen\u00e7as metab\u00f3licas &#8211; deve ser determinar a presen\u00e7a de altos n\u00edveis de andr\u00f3genos e sua fonte\u201d.<\/p>\n\n\n\n<h2 class=\"wp-block-heading\">Testosterona<\/h2>\n\n\n\n<p>Popularmente conhecida como um horm\u00f4nio masculino por excel\u00eancia, a testosterona tamb\u00e9m pode ser encontrada em mulheres, mas em doses muito mais baixas. Produzido principalmente nos test\u00edculos, o horm\u00f4nio tamb\u00e9m \u00e9 encontrado, em quantidades menores, nos ov\u00e1rios e nas gl\u00e2ndulas adrenais de pessoas de ambos os sexos.&nbsp;<\/p>\n\n\n\n<p>Homens apresentam n\u00edveis de testosterona significativamente mais elevados quando comparados \u00e0s mulheres. Durante a puberdade masculina, os n\u00edveis aumentam consideravelmente e se mant\u00e9m relativamente est\u00e1veis at\u00e9 a idade adulta. J\u00e1 nas mulheres, os n\u00edveis do horm\u00f4nio variam durante o ciclo menstrual e tendem a cair com a chegada da menopausa.&nbsp;<\/p>\n\n\n\n<p>Dentre outros fatores, a testosterona \u00e9 respons\u00e1vel por estimular a reconstru\u00e7\u00e3o do tecido muscular, bastante requisitado em treinamentos de for\u00e7a, como a muscula\u00e7\u00e3o. Consequentemente, tamb\u00e9m estimula a for\u00e7a e a hipertrofia, ou seja, o ganho de massa muscular. O horm\u00f4nio influencia ainda caracter\u00edsticas sexuais secund\u00e1rias masculinas, como o crescimento de pelos faciais e corporais e a voz mais grave.<\/p>\n\n\n\n<p><strong><em>Fonte: Ag\u00eancia Brasil<\/em><\/strong><\/p>\n","protected":false},"excerpt":{"rendered":"<p>A boxeadora argelina Imane Khelif venceu a italiana Angela Carini nas oitavas de final da categoria meio-m\u00e9dio nas Olimp\u00edadas de<\/p>\n","protected":false},"author":1,"featured_media":7021,"comment_status":"open","ping_status":"open","sticky":false,"template":"","format":"standard","meta":{"footnotes":""},"categories":[2],"tags":[],"class_list":["post-7020","post","type-post","status-publish","format-standard","has-post-thumbnail","hentry","category-noticias"],"_links":{"self":[{"href":"https:\/\/jornaloalvorada.com.br\/site\/wp-json\/wp\/v2\/posts\/7020","targetHints":{"allow":["GET"]}}],"collection":[{"href":"https:\/\/jornaloalvorada.com.br\/site\/wp-json\/wp\/v2\/posts"}],"about":[{"href":"https:\/\/jornaloalvorada.com.br\/site\/wp-json\/wp\/v2\/types\/post"}],"author":[{"embeddable":true,"href":"https:\/\/jornaloalvorada.com.br\/site\/wp-json\/wp\/v2\/users\/1"}],"replies":[{"embeddable":true,"href":"https:\/\/jornaloalvorada.com.br\/site\/wp-json\/wp\/v2\/comments?post=7020"}],"version-history":[{"count":1,"href":"https:\/\/jornaloalvorada.com.br\/site\/wp-json\/wp\/v2\/posts\/7020\/revisions"}],"predecessor-version":[{"id":7022,"href":"https:\/\/jornaloalvorada.com.br\/site\/wp-json\/wp\/v2\/posts\/7020\/revisions\/7022"}],"wp:featuredmedia":[{"embeddable":true,"href":"https:\/\/jornaloalvorada.com.br\/site\/wp-json\/wp\/v2\/media\/7021"}],"wp:attachment":[{"href":"https:\/\/jornaloalvorada.com.br\/site\/wp-json\/wp\/v2\/media?parent=7020"}],"wp:term":[{"taxonomy":"category","embeddable":true,"href":"https:\/\/jornaloalvorada.com.br\/site\/wp-json\/wp\/v2\/categories?post=7020"},{"taxonomy":"post_tag","embeddable":true,"href":"https:\/\/jornaloalvorada.com.br\/site\/wp-json\/wp\/v2\/tags?post=7020"}],"curies":[{"name":"wp","href":"https:\/\/api.w.org\/{rel}","templated":true}]}}