{"id":7015,"date":"2024-08-05T08:56:46","date_gmt":"2024-08-05T12:56:46","guid":{"rendered":"https:\/\/jornaloalvorada.com.br\/site\/?p=7015"},"modified":"2024-08-05T08:56:49","modified_gmt":"2024-08-05T12:56:49","slug":"segunda-feira-segue-com-tempo-seco-e-quente-em-diferentes-regioes-do-estado","status":"publish","type":"post","link":"https:\/\/jornaloalvorada.com.br\/site\/2024\/08\/05\/segunda-feira-segue-com-tempo-seco-e-quente-em-diferentes-regioes-do-estado\/","title":{"rendered":"Segunda-feira segue com tempo seco e quente em diferentes regi\u00f5es do Estado"},"content":{"rendered":"\n<p>A semana come\u00e7a com tempo seco e quente no Estado, com temperaturas altas e baixa umidade relativa do ar. Este cen\u00e1rio favorece a propaga\u00e7\u00e3o de inc\u00eandios florestais, por isso as autoridades recomendam a popula\u00e7\u00e3o a n\u00e3o atear fogo em qualquer material ou vegeta\u00e7\u00e3o.<\/p>\n\n\n\n<p>De acordo com o Cemtec (Centro de Monitoramento do Tempo e do Clima de MS), esta previs\u00e3o ocorre devido um sistema de alta press\u00e3o atmosf\u00e9rica, que inibe a forma\u00e7\u00e3o de nuvens e chuvas, deixando o tempo quente e seco.<\/p>\n\n\n\n<p>Na Capital a previs\u00e3o \u00e9 de m\u00ednima de 23\u00baC e m\u00e1xima de 34\u00baC. J\u00e1 nas regi\u00f5es sul, leste e sudeste a varia\u00e7\u00e3o ser\u00e1 de 19\u00baC e 34\u00baC. No sudoeste e \u00e1rea pantaneira fica entre 23\u00baC e 37\u00baC. Norte e bols\u00e3o apresentam m\u00ednima de 18\u00baC e m\u00e1xima de 34\u00baC.<\/p>\n\n\n\n<p>A meteorologista Valesca Fernandes, coordenadora do Cemtec, revela que haver\u00e1 uma mudan\u00e7a de tempo entre quarta-feira (7) e sexta-feira (9), com a aproxima\u00e7\u00e3o e um avan\u00e7o de uma frente fria, que deve gerar chuvas e quedas nas temperaturas, principalmente na regi\u00e3o sul do Estado. Os maiores acumulados de chuvas tamb\u00e9m devem se concentrar no sul, sudeste e sudoeste.<\/p>\n\n\n\n<p>As menores temperaturas devem aparecer entre sexta-feira e s\u00e1bado, podendo chegar a 4\u00ba e 7\u00baC na regi\u00e3o sul. O ar frio vai avan\u00e7ar tamb\u00e9m para as demais regi\u00f5es do Estado.<\/p>\n\n\n<div class=\"wp-block-image\">\n<figure class=\"aligncenter\"><a href=\"https:\/\/agenciadenoticias.ms.gov.br\/wp-content\/uploads\/2024\/08\/tempo-0508.jpg\"><img decoding=\"async\" src=\"https:\/\/agenciadenoticias.ms.gov.br\/wp-content\/uploads\/2024\/08\/tempo-0508-1024x724.jpg\" alt=\"\" class=\"wp-image-485630\"\/><\/a><\/figure>\n<\/div>\n\n\n<p><em>Leonardo Rocha, Comunica\u00e7\u00e3o do Governo de MS<\/em><br><em>Foto: Saul Schramm<\/em><\/p>\n","protected":false},"excerpt":{"rendered":"<p>A semana come\u00e7a com tempo seco e quente no Estado, com temperaturas altas e baixa umidade relativa do ar. Este<\/p>\n","protected":false},"author":1,"featured_media":6225,"comment_status":"open","ping_status":"open","sticky":false,"template":"","format":"standard","meta":{"footnotes":""},"categories":[2],"tags":[],"class_list":["post-7015","post","type-post","status-publish","format-standard","has-post-thumbnail","hentry","category-noticias"],"_links":{"self":[{"href":"https:\/\/jornaloalvorada.com.br\/site\/wp-json\/wp\/v2\/posts\/7015","targetHints":{"allow":["GET"]}}],"collection":[{"href":"https:\/\/jornaloalvorada.com.br\/site\/wp-json\/wp\/v2\/posts"}],"about":[{"href":"https:\/\/jornaloalvorada.com.br\/site\/wp-json\/wp\/v2\/types\/post"}],"author":[{"embeddable":true,"href":"https:\/\/jornaloalvorada.com.br\/site\/wp-json\/wp\/v2\/users\/1"}],"replies":[{"embeddable":true,"href":"https:\/\/jornaloalvorada.com.br\/site\/wp-json\/wp\/v2\/comments?post=7015"}],"version-history":[{"count":1,"href":"https:\/\/jornaloalvorada.com.br\/site\/wp-json\/wp\/v2\/posts\/7015\/revisions"}],"predecessor-version":[{"id":7016,"href":"https:\/\/jornaloalvorada.com.br\/site\/wp-json\/wp\/v2\/posts\/7015\/revisions\/7016"}],"wp:featuredmedia":[{"embeddable":true,"href":"https:\/\/jornaloalvorada.com.br\/site\/wp-json\/wp\/v2\/media\/6225"}],"wp:attachment":[{"href":"https:\/\/jornaloalvorada.com.br\/site\/wp-json\/wp\/v2\/media?parent=7015"}],"wp:term":[{"taxonomy":"category","embeddable":true,"href":"https:\/\/jornaloalvorada.com.br\/site\/wp-json\/wp\/v2\/categories?post=7015"},{"taxonomy":"post_tag","embeddable":true,"href":"https:\/\/jornaloalvorada.com.br\/site\/wp-json\/wp\/v2\/tags?post=7015"}],"curies":[{"name":"wp","href":"https:\/\/api.w.org\/{rel}","templated":true}]}}