{"id":7008,"date":"2024-08-02T10:34:12","date_gmt":"2024-08-02T14:34:12","guid":{"rendered":"https:\/\/jornaloalvorada.com.br\/site\/?p=7008"},"modified":"2024-08-02T10:34:15","modified_gmt":"2024-08-02T14:34:15","slug":"lucro-liquido-da-apple-atinge-us-214-bilhoes-no-2o-trimestre","status":"publish","type":"post","link":"https:\/\/jornaloalvorada.com.br\/site\/2024\/08\/02\/lucro-liquido-da-apple-atinge-us-214-bilhoes-no-2o-trimestre\/","title":{"rendered":"Lucro l\u00edquido da Apple atinge US$ 21,4 bilh\u00f5es no 2\u00ba trimestre"},"content":{"rendered":"\n<h4 class=\"wp-block-heading\"><em>Total de vendas da big tech foi de US$ 85,7 bi, aumento de 4,8% em rela\u00e7\u00e3o ao mesmo per\u00edodo de 2023<\/em><\/h4>\n\n\n\n<p>A Apple registrou um lucro l\u00edquido de US$ 21,4 bilh\u00f5es no 2\u00ba trimestre de 2024, segundo o balan\u00e7o financeiro divulgado nesta 5\u00aa feira (1\u00ba.ago.2024). A receita aumentou 6,7% em rela\u00e7\u00e3o ao mesmo per\u00edodo de 2023, atingindo US$ 79 bilh\u00f5es. Eis a <a href=\"https:\/\/static.poder360.com.br\/2024\/08\/Apple-2T24.pdf\" target=\"_blank\" rel=\"noreferrer noopener\">\u00edntegra<\/a> do balan\u00e7o (PDF \u2013 3 MB, em ingl\u00eas).&nbsp;<\/p>\n\n\n\n<p>A big tech norte-americana registrou um total de vendas de US$ 85,7 bilh\u00f5es, um aumento de 4,8% em rela\u00e7\u00e3o ao mesmo per\u00edodo de 2023. A empresa tamb\u00e9m teve um lucro trimestral por a\u00e7\u00e3o dilu\u00edda de US$ 1,40, superando as expectativas dos analistas.&nbsp;<\/p>\n\n\n\n<p>No total, as a\u00e7\u00f5es da Apple atingiram US$ 218,2 bilh\u00f5es, um aumento de 19% no trimestre. Em rela\u00e7\u00e3o ao mesmo per\u00edodo do ano passado, o aumento foi 13,3%.<\/p>\n\n\n\n<p><strong>Leia a receita dos principais produtos da Apple:<\/strong><\/p>\n\n\n\n<ul class=\"wp-block-list\">\n<li>iPhone \u2013 US$ 39,2 bilh\u00f5es;\u00a0<\/li>\n\n\n\n<li>Mac \u2013 US$ 7\u00a0 bilh\u00f5es;\u00a0<\/li>\n\n\n\n<li>iPad \u2013 US$ 7,1 bilh\u00f5es;\u00a0<\/li>\n\n\n\n<li>dispositivos vest\u00edveis, casa e acess\u00f3rios \u2013 US$ 8 bilh\u00f5es;\u00a0<\/li>\n\n\n\n<li>servi\u00e7os \u2013 US$ 24,2 bilh\u00f5es.<\/li>\n<\/ul>\n\n\n\n<p><strong>Leia a receita da empresa por regi\u00e3o:<\/strong><\/p>\n\n\n\n<ul class=\"wp-block-list\">\n<li>Am\u00e9rica \u2013 US$ 37,6 bilh\u00f5es;<\/li>\n\n\n\n<li>Europa \u2013 US$ 21,8 bilh\u00f5es;<\/li>\n\n\n\n<li>China \u2013 US$ 14,7 bilh\u00f5es;<\/li>\n\n\n\n<li>Jap\u00e3o \u2013 US$ 5 bilh\u00f5es;\u00a0<\/li>\n\n\n\n<li>\u00c1sia-Pac\u00edfico \u2013 US$ 6,3 bilh\u00f5es<\/li>\n<\/ul>\n\n\n\n<p><strong><em>Fonte: Poder360<\/em><\/strong><\/p>\n","protected":false},"excerpt":{"rendered":"<p>Total de vendas da big tech foi de US$ 85,7 bi, aumento de 4,8% em rela\u00e7\u00e3o ao mesmo per\u00edodo de<\/p>\n","protected":false},"author":1,"featured_media":7009,"comment_status":"open","ping_status":"open","sticky":false,"template":"","format":"standard","meta":{"footnotes":""},"categories":[2],"tags":[],"class_list":["post-7008","post","type-post","status-publish","format-standard","has-post-thumbnail","hentry","category-noticias"],"_links":{"self":[{"href":"https:\/\/jornaloalvorada.com.br\/site\/wp-json\/wp\/v2\/posts\/7008","targetHints":{"allow":["GET"]}}],"collection":[{"href":"https:\/\/jornaloalvorada.com.br\/site\/wp-json\/wp\/v2\/posts"}],"about":[{"href":"https:\/\/jornaloalvorada.com.br\/site\/wp-json\/wp\/v2\/types\/post"}],"author":[{"embeddable":true,"href":"https:\/\/jornaloalvorada.com.br\/site\/wp-json\/wp\/v2\/users\/1"}],"replies":[{"embeddable":true,"href":"https:\/\/jornaloalvorada.com.br\/site\/wp-json\/wp\/v2\/comments?post=7008"}],"version-history":[{"count":1,"href":"https:\/\/jornaloalvorada.com.br\/site\/wp-json\/wp\/v2\/posts\/7008\/revisions"}],"predecessor-version":[{"id":7010,"href":"https:\/\/jornaloalvorada.com.br\/site\/wp-json\/wp\/v2\/posts\/7008\/revisions\/7010"}],"wp:featuredmedia":[{"embeddable":true,"href":"https:\/\/jornaloalvorada.com.br\/site\/wp-json\/wp\/v2\/media\/7009"}],"wp:attachment":[{"href":"https:\/\/jornaloalvorada.com.br\/site\/wp-json\/wp\/v2\/media?parent=7008"}],"wp:term":[{"taxonomy":"category","embeddable":true,"href":"https:\/\/jornaloalvorada.com.br\/site\/wp-json\/wp\/v2\/categories?post=7008"},{"taxonomy":"post_tag","embeddable":true,"href":"https:\/\/jornaloalvorada.com.br\/site\/wp-json\/wp\/v2\/tags?post=7008"}],"curies":[{"name":"wp","href":"https:\/\/api.w.org\/{rel}","templated":true}]}}