{"id":7002,"date":"2024-08-02T10:23:31","date_gmt":"2024-08-02T14:23:31","guid":{"rendered":"https:\/\/jornaloalvorada.com.br\/site\/?p=7002"},"modified":"2024-08-02T10:23:34","modified_gmt":"2024-08-02T14:23:34","slug":"detran-informa-agosto-e-mes-de-licenciar-veiculos-com-placas-terminadas-em-7-e-8","status":"publish","type":"post","link":"https:\/\/jornaloalvorada.com.br\/site\/2024\/08\/02\/detran-informa-agosto-e-mes-de-licenciar-veiculos-com-placas-terminadas-em-7-e-8\/","title":{"rendered":"Detran informa: agosto \u00e9 m\u00eas de licenciar ve\u00edculos com placas terminadas em 7 e 8\u00a0"},"content":{"rendered":"\n<p>O Detran-MS (Departamento Estadual de Tr\u00e2nsito de Mato Grosso do Sul) lembra que agosto \u00e9 m\u00eas de licenciar ve\u00edculos com placas de final 7 e 8. Em todo Estado, 122.298 ve\u00edculos dever\u00e3o emitir um novo CRLV (Certificado de Registro e Licenciamento de Ve\u00edculo).&nbsp;<\/p>\n\n\n\n<p>O c\u00e1lculo do valor do licenciamento \u00e9 feito em Uferms (Unidade Fiscal Estadual de Refer\u00eancia de Mato Grosso do Sul), sendo 4.53 UFERMS para pagamento dentro do prazo, e de 5.88 ap\u00f3s o \u00faltimo dia \u00fatil do m\u00eas. Neste m\u00eas de agosto, a Secretaria de Fazenda por meio da Resolu\u00e7\u00e3o n\u00b0 N\u00ba 3.396 estabeleceu o valor unit\u00e1rio da Uuferms em R$ 49,08.&nbsp;<\/p>\n\n\n\n<p>A taxa anual de licenciamento pode ser paga pelo autoatendimento, no portal de servi\u00e7os Meu Detran ou pelo aplicativo Detran MS. Basta emitir a guia ou copiar o c\u00f3digo de barras para pagamento. Outra op\u00e7\u00e3o \u00e9 buscar atendimento presencial em uma ag\u00eancia do Detran-MS.&nbsp;<\/p>\n\n\n\n<p>O porte do CRLV (Certificado de Registro e Licenciamento de Ve\u00edculo) \u00e9 obrigat\u00f3rio e dever\u00e1 ser apresentado \u00e0 autoridade de tr\u00e2nsito sempre que solicitado, seja o documento f\u00edsico impresso ou digital por meio da CDT (Carteira Digital de Tr\u00e2nsito).<\/p>\n\n\n\n<p>O motorista flagrado circulando em vias urbanas ou rodovias com ve\u00edculo n\u00e3o licenciado comete uma infra\u00e7\u00e3o grav\u00edssima. O art. 230 do C\u00f3digo de Tr\u00e2nsito Brasileiro (CTB) prev\u00ea aplica\u00e7\u00e3o de multa de R$ 293,47 e sete pontos na carteira, al\u00e9m da medida administrativa de remo\u00e7\u00e3o do ve\u00edculo ao p\u00e1tio.&nbsp;<\/p>\n\n\n\n<p>Vale lembrar que neste ano de 2024, o Detran-MS iniciou o processo de cobran\u00e7a dos d\u00e9bitos de licenciamento pendentes. Os d\u00e9bitos n\u00e3o regularizados foram enviados \u00e0 PGE (Procuradoria Geral do Estado) para inclus\u00e3o em d\u00edvida ativa. A medida atende uma orienta\u00e7\u00e3o da Controladoria Geral do Estado (CGE) que identificou um alto \u00edndice de inadimpl\u00eancia no pagamento das taxas anuais nos \u00faltimos 5 anos.&nbsp;<\/p>\n\n\n\n<p><em>Mireli Obando, Comunica\u00e7\u00e3o Detran-MS<br><\/em><em>Foto: Rachid Waqued<\/em><\/p>\n","protected":false},"excerpt":{"rendered":"<p>O Detran-MS (Departamento Estadual de Tr\u00e2nsito de Mato Grosso do Sul) lembra que agosto \u00e9 m\u00eas de licenciar ve\u00edculos com<\/p>\n","protected":false},"author":1,"featured_media":7003,"comment_status":"open","ping_status":"open","sticky":false,"template":"","format":"standard","meta":{"footnotes":""},"categories":[2],"tags":[],"class_list":["post-7002","post","type-post","status-publish","format-standard","has-post-thumbnail","hentry","category-noticias"],"_links":{"self":[{"href":"https:\/\/jornaloalvorada.com.br\/site\/wp-json\/wp\/v2\/posts\/7002","targetHints":{"allow":["GET"]}}],"collection":[{"href":"https:\/\/jornaloalvorada.com.br\/site\/wp-json\/wp\/v2\/posts"}],"about":[{"href":"https:\/\/jornaloalvorada.com.br\/site\/wp-json\/wp\/v2\/types\/post"}],"author":[{"embeddable":true,"href":"https:\/\/jornaloalvorada.com.br\/site\/wp-json\/wp\/v2\/users\/1"}],"replies":[{"embeddable":true,"href":"https:\/\/jornaloalvorada.com.br\/site\/wp-json\/wp\/v2\/comments?post=7002"}],"version-history":[{"count":1,"href":"https:\/\/jornaloalvorada.com.br\/site\/wp-json\/wp\/v2\/posts\/7002\/revisions"}],"predecessor-version":[{"id":7004,"href":"https:\/\/jornaloalvorada.com.br\/site\/wp-json\/wp\/v2\/posts\/7002\/revisions\/7004"}],"wp:featuredmedia":[{"embeddable":true,"href":"https:\/\/jornaloalvorada.com.br\/site\/wp-json\/wp\/v2\/media\/7003"}],"wp:attachment":[{"href":"https:\/\/jornaloalvorada.com.br\/site\/wp-json\/wp\/v2\/media?parent=7002"}],"wp:term":[{"taxonomy":"category","embeddable":true,"href":"https:\/\/jornaloalvorada.com.br\/site\/wp-json\/wp\/v2\/categories?post=7002"},{"taxonomy":"post_tag","embeddable":true,"href":"https:\/\/jornaloalvorada.com.br\/site\/wp-json\/wp\/v2\/tags?post=7002"}],"curies":[{"name":"wp","href":"https:\/\/api.w.org\/{rel}","templated":true}]}}