{"id":6999,"date":"2024-08-02T10:07:13","date_gmt":"2024-08-02T14:07:13","guid":{"rendered":"https:\/\/jornaloalvorada.com.br\/site\/?p=6999"},"modified":"2024-08-02T10:07:16","modified_gmt":"2024-08-02T14:07:16","slug":"lula-e-marina-silva-pegam-carona-nas-acoes-ambientais-do-governo-de-ms","status":"publish","type":"post","link":"https:\/\/jornaloalvorada.com.br\/site\/2024\/08\/02\/lula-e-marina-silva-pegam-carona-nas-acoes-ambientais-do-governo-de-ms\/","title":{"rendered":"Lula e Marina Silva pegam carona nas a\u00e7\u00f5es ambientais do governo de MS"},"content":{"rendered":"\n<h4 class=\"wp-block-heading\">Governador Eduardo Riedel tem sido bondoso com governo petista, cujos integrantes usam o Estado para \u201cmostrar servi\u00e7o\u201d ao pa\u00eds<\/h4>\n\n\n\n<p>Lula visitou novamente Mato Grosso do Sul anteontem. Foi a segunda vez que o presidente petista veio ao Estado desde a posse, em janeiro de 2023. Esteve dessa vez em Corumb\u00e1, no Pantanal, onde sancionou o projeto de lei que institui a Pol\u00edtica Nacional de Manejo Integrado do Fogo.<\/p>\n\n\n\n<p>Sem povo, usou a viagem para produzir imagens (fotos e v\u00eddeos), refor\u00e7ando o estilo populista de governar. Lula e Marina vestiram seus coletes \u00e0 prova de fogo, embarcaram no helic\u00f3ptero e sobrevoaram o Pantanal. Lindas fotos, belos v\u00eddeos. O governador Eduardo Riedel ciceroneou ambos.<\/p>\n\n\n\n<p>Ocorre que fatos n\u00e3o podem ser encobertos. A ministra do Meio Ambiente, Marina Silva, que acompanhou Lula anteontem, s\u00f3 apareceu de fato na quest\u00e3o sobre as queimadas no Pantanal depois de 20 dias, no final de junho, quando o fogo j\u00e1 tinha consumido mais de meio milh\u00e3o de hectares e matado milhares de animais <strong><a href=\"https:\/\/www.msembrasilia.com\/2024\/06\/25\/marina-so-aparece-depois-de-pantanal-queimar-por-20-dias-e-destruir-550-mil-ha\/\">(ver aqui).<\/a><\/strong> Nada de dinheiro tamb\u00e9m.<\/p>\n\n\n\n<p>Integrantes do atual governo t\u00eam se aproveitado da efici\u00eancia administrativa de Mato Grosso do Sul para aparecer \u201cbem nas fotos\u201d. Desde que tomou posse, em janeiro de 2023, o governador Eduardo Riedel, do PSDB, deu bondoso espa\u00e7o ao Governo federal para participar de suas a\u00e7\u00f5es, especialmente na \u00e1rea de meio ambiente, onde avan\u00e7ou a olhos vistos. Come\u00e7ou com a Lei do Pantanal, em que o governo estadual deu aulas sobre como conduzir a discuss\u00e3o, elabora\u00e7\u00e3o, aprova\u00e7\u00e3o e san\u00e7\u00e3o da primeira legisla\u00e7\u00e3o do bioma pantaneiro<strong><a href=\"https:\/\/www.msembrasilia.com\/2024\/04\/19\/ms-e-mt-vao-atuar-juntos-na-preservacao-e-exploracao-sustentavel-do-pantanal\/\"> (ver aqui).<\/a><\/strong><\/p>\n\n\n\n<blockquote class=\"wp-block-quote is-layout-flow wp-block-quote-is-layout-flow\">\n<p>Integrantes do atual governo t\u00eam se aproveitado da efici\u00eancia administrativa de Mato Grosso do Sul para aparecer \u201cbem nas fotos\u201d<\/p>\n<\/blockquote>\n\n\n\n<p>Nesse tempo todo, ao menos dez ministros aportaram por essas plagas. Mato Grosso do Sul virou porto-seguro de um governo capenga, envolvido em pol\u00eamicas internas \u2014 como o estrondoso rombo fiscal, o aumento da carga tribut\u00e1ria, do desmatamento na Amaz\u00f4nia e no n\u00famero de mortes de \u00edndios Yanomami \u2014 e externas, como o apoio de Lula a ditadores sanguin\u00e1rios, como Nicol\u00e1s Maduro (Venezuela), Vladimir Putin (R\u00fassia) e Daniel Ortega (Nicar\u00e1gua), al\u00e9m de posicionar-se favoravelmente aos ataques do Hamas contra Israel.<\/p>\n\n\n\n<p>Quando as coisas come\u00e7am a ficar ruins em Bras\u00edlia, o Governo federal corre para c\u00e1. Lula estava contra a parede, especialmente sobre as fraudes eleitorais de Maduro na Venezuela e sobre a ida do vice-presidente Geraldo Alckmin \u00e0 posse do presidente do Ir\u00e3, onde se sentou na primeira fileira ao lado de terroristas, como o l\u00edder do Hamas, morto horas depois pela for\u00e7a a\u00e9rea israelense.<\/p>\n\n\n\n<p>A ministra sul-mato-grossense Simone Tebet, do Planejamento e Or\u00e7amento, rotineiramente est\u00e1 por aqui. Para justificar o uso recorrente de avi\u00e3o da For\u00e7a A\u00e9rea Brasileira para lhe trazer e levar para Bras\u00edlia, ela aparece sempre numa sexta-feira ou segunda-feira ao lado do governador Eduardo Riedel lendo mapas, simulando a\u00e7\u00f5es para o Estado.<\/p>\n\n\n\n<blockquote class=\"wp-block-quote is-layout-flow wp-block-quote-is-layout-flow\">\n<p>Quando as coisas come\u00e7am a ficar ruins em Bras\u00edlia, o Governo federal corre para c\u00e1<\/p>\n<\/blockquote>\n\n\n\n<p>Ocorre que Mato Grosso do Sul vai continuar mamando os dedos porque o Governo federal n\u00e3o ter\u00e1 dinheiro para investimentos t\u00e3o cedo. A n\u00e3o ser os parcos recursos de emendas parlamentares. O rombo fiscal criado por Lula, Fernando Haddad, Simone Tebet e cia vai levar anos para ser coberto. Os cortes or\u00e7ament\u00e1rios j\u00e1 come\u00e7aram. S\u00f3 nesta semana foram R$ 15 bilh\u00f5es em investimentos.<\/p>\n\n\n\n<p>Riedel, que esperava contar com ajuda do Governo federal para levar adiante projetos de infraestrutura do seu governo, ter\u00e1 que se virar sozinho, com recursos pr\u00f3prios, ou buscar aporte de organismos e institui\u00e7\u00f5es financeiras internacionais. Ou ainda investir na parceria que se iniciou com o governador de S\u00e3o Paulo, Tarc\u00edsio Gomes de Freitas, que d\u00e1 show sobre gest\u00e3o p\u00fablica.<\/p>\n\n\n\n<p>H\u00e1 um mundo bem melhor longe dos cofres da Uni\u00e3o em frangalhos, como a for\u00e7a dos governadores do Conselho de Desenvolvimento e Integra\u00e7\u00e3o Sul (Codesul), cuja presid\u00eancia foi assumida nesta quinta-feira (1\u00ba) por Eduardo Riedel, j\u00e1 com an\u00fancio da cria\u00e7\u00e3o de uma ag\u00eancia de fomento.<\/p>\n\n\n\n<blockquote class=\"wp-block-quote is-layout-flow wp-block-quote-is-layout-flow\">\n<p>H\u00e1 um mundo bem melhor longe dos cofres da Uni\u00e3o em frangalhos<\/p>\n<\/blockquote>\n\n\n\n<p>Eduardo Riedel precisa cair na real e entender que, do Governo federal, ele n\u00e3o receber\u00e1 nada, como est\u00e1 ficando provado desde janeiro de 2023. Repita-se: Lula e ministros est\u00e3o se servindo de Mato Grosso do Sul para se sa\u00edrem bem nas fotos. At\u00e9 agora tem dado certo.<\/p>\n\n\n\n<p>A d\u00favida \u00e9 saber at\u00e9 quando Eduardo Riedel aceitar\u00e1 ser usado por um governo falto de intelig\u00eancia, irrespons\u00e1vel com as contas p\u00fablicas e aliado de tiranos mundo afora. Tudo isso pode n\u00e3o reverberar agora, mas pode ser trunfo dos advers\u00e1rios nesta e nas pr\u00f3ximas elei\u00e7\u00f5es. H\u00e1 que se ter menos ternura por petistas.<\/p>\n\n\n\n<p><em>(*) Vapt-vupt \u00e9 uma coluna do<strong>&nbsp;MS em Bras\u00edlia<\/strong>&nbsp;com opini\u00f5es sobre determinado fato de interesse p\u00fablico<\/em><\/p>\n","protected":false},"excerpt":{"rendered":"<p>Governador Eduardo Riedel tem sido bondoso com governo petista, cujos integrantes usam o Estado para \u201cmostrar servi\u00e7o\u201d ao pa\u00eds Lula<\/p>\n","protected":false},"author":1,"featured_media":7000,"comment_status":"open","ping_status":"open","sticky":false,"template":"","format":"standard","meta":{"footnotes":""},"categories":[2],"tags":[],"class_list":["post-6999","post","type-post","status-publish","format-standard","has-post-thumbnail","hentry","category-noticias"],"_links":{"self":[{"href":"https:\/\/jornaloalvorada.com.br\/site\/wp-json\/wp\/v2\/posts\/6999","targetHints":{"allow":["GET"]}}],"collection":[{"href":"https:\/\/jornaloalvorada.com.br\/site\/wp-json\/wp\/v2\/posts"}],"about":[{"href":"https:\/\/jornaloalvorada.com.br\/site\/wp-json\/wp\/v2\/types\/post"}],"author":[{"embeddable":true,"href":"https:\/\/jornaloalvorada.com.br\/site\/wp-json\/wp\/v2\/users\/1"}],"replies":[{"embeddable":true,"href":"https:\/\/jornaloalvorada.com.br\/site\/wp-json\/wp\/v2\/comments?post=6999"}],"version-history":[{"count":1,"href":"https:\/\/jornaloalvorada.com.br\/site\/wp-json\/wp\/v2\/posts\/6999\/revisions"}],"predecessor-version":[{"id":7001,"href":"https:\/\/jornaloalvorada.com.br\/site\/wp-json\/wp\/v2\/posts\/6999\/revisions\/7001"}],"wp:featuredmedia":[{"embeddable":true,"href":"https:\/\/jornaloalvorada.com.br\/site\/wp-json\/wp\/v2\/media\/7000"}],"wp:attachment":[{"href":"https:\/\/jornaloalvorada.com.br\/site\/wp-json\/wp\/v2\/media?parent=6999"}],"wp:term":[{"taxonomy":"category","embeddable":true,"href":"https:\/\/jornaloalvorada.com.br\/site\/wp-json\/wp\/v2\/categories?post=6999"},{"taxonomy":"post_tag","embeddable":true,"href":"https:\/\/jornaloalvorada.com.br\/site\/wp-json\/wp\/v2\/tags?post=6999"}],"curies":[{"name":"wp","href":"https:\/\/api.w.org\/{rel}","templated":true}]}}