{"id":6991,"date":"2024-08-01T14:48:27","date_gmt":"2024-08-01T18:48:27","guid":{"rendered":"https:\/\/jornaloalvorada.com.br\/site\/?p=6991"},"modified":"2024-08-01T14:48:29","modified_gmt":"2024-08-01T18:48:29","slug":"secretaria-de-assistencia-social-realizou-ontem-31-reuniao-com-beneficiarios-do-programa","status":"publish","type":"post","link":"https:\/\/jornaloalvorada.com.br\/site\/2024\/08\/01\/secretaria-de-assistencia-social-realizou-ontem-31-reuniao-com-beneficiarios-do-programa\/","title":{"rendered":"Secretaria de Assist\u00eancia Social realizou ontem 31 reuni\u00e3o com benefici\u00e1rios do programa"},"content":{"rendered":"\n<p>A Secretaria Municipal de Assist\u00eancia Social, atrav\u00e9s do Setor Cadastro \u00danico e Programa Bolsa Fam\u00edlia, realizou no \u00faltimo dia 31\/07\/24 reuni\u00e3o com os benefici\u00e1rios do Programa, na Quadra da Assist\u00eancia Social.<\/p>\n\n\n\n<p>Com aproximadamente 1.600 fam\u00edlias cadastradas, nesse \u00e9 o maior programa de transfer\u00eancia de renda do Brasil e que \u00e9 executado em nosso munic\u00edpio atrav\u00e9s da parceria com a prefeitura Municipal, por meio da Secretaria Municipal de Assist\u00eancia Social.<\/p>\n","protected":false},"excerpt":{"rendered":"<p>A Secretaria Municipal de Assist\u00eancia Social, atrav\u00e9s do Setor Cadastro \u00danico e Programa Bolsa Fam\u00edlia, realizou no \u00faltimo dia 31\/07\/24<\/p>\n","protected":false},"author":1,"featured_media":6992,"comment_status":"open","ping_status":"open","sticky":false,"template":"","format":"standard","meta":{"footnotes":""},"categories":[2],"tags":[],"class_list":["post-6991","post","type-post","status-publish","format-standard","has-post-thumbnail","hentry","category-noticias"],"_links":{"self":[{"href":"https:\/\/jornaloalvorada.com.br\/site\/wp-json\/wp\/v2\/posts\/6991","targetHints":{"allow":["GET"]}}],"collection":[{"href":"https:\/\/jornaloalvorada.com.br\/site\/wp-json\/wp\/v2\/posts"}],"about":[{"href":"https:\/\/jornaloalvorada.com.br\/site\/wp-json\/wp\/v2\/types\/post"}],"author":[{"embeddable":true,"href":"https:\/\/jornaloalvorada.com.br\/site\/wp-json\/wp\/v2\/users\/1"}],"replies":[{"embeddable":true,"href":"https:\/\/jornaloalvorada.com.br\/site\/wp-json\/wp\/v2\/comments?post=6991"}],"version-history":[{"count":1,"href":"https:\/\/jornaloalvorada.com.br\/site\/wp-json\/wp\/v2\/posts\/6991\/revisions"}],"predecessor-version":[{"id":6993,"href":"https:\/\/jornaloalvorada.com.br\/site\/wp-json\/wp\/v2\/posts\/6991\/revisions\/6993"}],"wp:featuredmedia":[{"embeddable":true,"href":"https:\/\/jornaloalvorada.com.br\/site\/wp-json\/wp\/v2\/media\/6992"}],"wp:attachment":[{"href":"https:\/\/jornaloalvorada.com.br\/site\/wp-json\/wp\/v2\/media?parent=6991"}],"wp:term":[{"taxonomy":"category","embeddable":true,"href":"https:\/\/jornaloalvorada.com.br\/site\/wp-json\/wp\/v2\/categories?post=6991"},{"taxonomy":"post_tag","embeddable":true,"href":"https:\/\/jornaloalvorada.com.br\/site\/wp-json\/wp\/v2\/tags?post=6991"}],"curies":[{"name":"wp","href":"https:\/\/api.w.org\/{rel}","templated":true}]}}