{"id":6987,"date":"2024-08-01T14:41:14","date_gmt":"2024-08-01T18:41:14","guid":{"rendered":"https:\/\/jornaloalvorada.com.br\/site\/?p=6987"},"modified":"2024-08-01T14:41:15","modified_gmt":"2024-08-01T18:41:15","slug":"iagro-e-prf-realizam-operacao-agro-seguro-que-combate-crimes-ambientais-em-ms","status":"publish","type":"post","link":"https:\/\/jornaloalvorada.com.br\/site\/2024\/08\/01\/iagro-e-prf-realizam-operacao-agro-seguro-que-combate-crimes-ambientais-em-ms\/","title":{"rendered":"Iagro e PRF realizam Opera\u00e7\u00e3o Agro-Seguro que combate crimes ambientais em MS"},"content":{"rendered":"\n<p>A Iagro (Ag\u00eancia Estadual de Defesa Sanit\u00e1ria Animal e Vegetal) e a PRF (Pol\u00edcia Rodovi\u00e1ria Federal) realizaram uma opera\u00e7\u00e3o de combate a crimes ambientais no Mato Grosso do Sul.&nbsp; De 22 a 25 de julho, dez policiais rodovi\u00e1rios federais e dez agentes da Iagro participaram da Opera\u00e7\u00e3o Agro-Seguro, com nivelamentos te\u00f3ricos e pr\u00e1ticos sobre transporte de animais, equipamentos e materiais agr\u00edcolas e transporte de madeira e alimentos.<\/p>\n\n\n\n<p>Em Campo Grande e Terenos foram realizados comandos de fiscaliza\u00e7\u00e3o, quando o efetivo flagrou diversos crimes ambientais, como descarte irregular de lixo \u00e0s margens da rodovia, emiss\u00e3o de poluentes de ve\u00edculos e transporte ilegal de madeira.<\/p>\n\n\n\n<p>Foram feitas tamb\u00e9m ocorr\u00eancias em parceria com o Iagro, referentes ao transporte de animais sem Guia de Tr\u00e2nsito Animal (GTA) &#8211; documento que atesta a sa\u00fade do animal &#8211; e transporte de maquin\u00e1rios agr\u00edcolas sem atestado de desinfec\u00e7\u00e3o &#8211; documento que atesta que o maquin\u00e1rio foi desinfectado, reduzindo os riscos de transportar pragas entre lavouras.<\/p>\n\n\n\n<p>&#8220;A Iagro atuou de forma conjunta com a PRF nesta opera\u00e7\u00e3o que visa combater os crimes ambientais. Nossa meta foi garantir o status sanit\u00e1rio dos produtos de origem animal e vegetal, coibir transporte irregular e infra\u00e7\u00f5es e garantir a proced\u00eancia dos alimentos dando mais seguridade ao que chega a mesa da popula\u00e7\u00e3o&#8221;, destacou o presidente da Iagro, Daniel Ingold.<\/p>\n\n\n\n<p>Essa fiscaliza\u00e7\u00e3o visa garantir que n\u00e3o sejam disseminadas doen\u00e7as ou pragas entre animais\/rebanhos ou colheitas, o que poderia acarretar preju\u00edzos econ\u00f4micos aos agricultores &#8211; como perda de colheitas &#8211; abates sanit\u00e1rios e barreiras nas exporta\u00e7\u00f5es. Al\u00e9m disso, essa fiscaliza\u00e7\u00e3o visa garantir a chegada de alimentos sadios e com proced\u00eancia regular \u00e0s mesas dos consumidores.<\/p>\n\n\n\n<p><em>Rosana Siqueira, Comunica\u00e7\u00e3o Semadesc<br>*com informa\u00e7\u00f5es da PRF<br><\/em><em>Foto: Divulga\u00e7\u00e3o\/PRF<\/em><\/p>\n","protected":false},"excerpt":{"rendered":"<p>A Iagro (Ag\u00eancia Estadual de Defesa Sanit\u00e1ria Animal e Vegetal) e a PRF (Pol\u00edcia Rodovi\u00e1ria Federal) realizaram uma opera\u00e7\u00e3o de<\/p>\n","protected":false},"author":1,"featured_media":6988,"comment_status":"open","ping_status":"open","sticky":false,"template":"","format":"standard","meta":{"footnotes":""},"categories":[2],"tags":[],"class_list":["post-6987","post","type-post","status-publish","format-standard","has-post-thumbnail","hentry","category-noticias"],"_links":{"self":[{"href":"https:\/\/jornaloalvorada.com.br\/site\/wp-json\/wp\/v2\/posts\/6987","targetHints":{"allow":["GET"]}}],"collection":[{"href":"https:\/\/jornaloalvorada.com.br\/site\/wp-json\/wp\/v2\/posts"}],"about":[{"href":"https:\/\/jornaloalvorada.com.br\/site\/wp-json\/wp\/v2\/types\/post"}],"author":[{"embeddable":true,"href":"https:\/\/jornaloalvorada.com.br\/site\/wp-json\/wp\/v2\/users\/1"}],"replies":[{"embeddable":true,"href":"https:\/\/jornaloalvorada.com.br\/site\/wp-json\/wp\/v2\/comments?post=6987"}],"version-history":[{"count":1,"href":"https:\/\/jornaloalvorada.com.br\/site\/wp-json\/wp\/v2\/posts\/6987\/revisions"}],"predecessor-version":[{"id":6989,"href":"https:\/\/jornaloalvorada.com.br\/site\/wp-json\/wp\/v2\/posts\/6987\/revisions\/6989"}],"wp:featuredmedia":[{"embeddable":true,"href":"https:\/\/jornaloalvorada.com.br\/site\/wp-json\/wp\/v2\/media\/6988"}],"wp:attachment":[{"href":"https:\/\/jornaloalvorada.com.br\/site\/wp-json\/wp\/v2\/media?parent=6987"}],"wp:term":[{"taxonomy":"category","embeddable":true,"href":"https:\/\/jornaloalvorada.com.br\/site\/wp-json\/wp\/v2\/categories?post=6987"},{"taxonomy":"post_tag","embeddable":true,"href":"https:\/\/jornaloalvorada.com.br\/site\/wp-json\/wp\/v2\/tags?post=6987"}],"curies":[{"name":"wp","href":"https:\/\/api.w.org\/{rel}","templated":true}]}}