{"id":6983,"date":"2024-08-01T14:33:02","date_gmt":"2024-08-01T18:33:02","guid":{"rendered":"https:\/\/jornaloalvorada.com.br\/site\/?p=6983"},"modified":"2024-08-01T14:33:05","modified_gmt":"2024-08-01T18:33:05","slug":"ms-se-destaca-como-pioneiro-na-implementacao-do-manejo-integrado-do-fogo-como-prevencao-a-incendios","status":"publish","type":"post","link":"https:\/\/jornaloalvorada.com.br\/site\/2024\/08\/01\/ms-se-destaca-como-pioneiro-na-implementacao-do-manejo-integrado-do-fogo-como-prevencao-a-incendios\/","title":{"rendered":"MS se destaca como pioneiro na implementa\u00e7\u00e3o do Manejo Integrado do Fogo como preven\u00e7\u00e3o a inc\u00eandios"},"content":{"rendered":"\n<p>Sancionado na quarta-feira (31) pelo Governo Federal, a Pol\u00edtica Nacional de Manejo Integrado do Fogo coloca em pr\u00e1tica a\u00e7\u00f5es em que Mato Grosso do Sul &#8211; impactado pelos inc\u00eandios florestais em 2020 &#8211; foi pioneiro no pa\u00eds, adotando um plano espec\u00edfico de MIF (Manejo Integrado do Fogo) ainda enquanto a pol\u00edtica nacional estava em tramita\u00e7\u00e3o e discuss\u00e3o.<\/p>\n\n\n\n<p>Com diretrizes para o uso controlado do fogo em atividades de manejo de vegeta\u00e7\u00e3o como forma de prevenir a ocorr\u00eancia de inc\u00eandios florestais, assim reduzindo os danos causados e aumentando a capacidade de seu enfrentamento, o MIF permitiu uma resposta mais eficaz e integrada \u00e0s emerg\u00eancias ambientais.<\/p>\n\n\n\n<p>Este avan\u00e7o se consolidou com a cria\u00e7\u00e3o do Plano Estadual de Manejo Integrado do Fogo (Pemif), institu\u00eddo pelo Decreto n\u00ba 15.654, de 15 de abril de 2021.<\/p>\n\n\n\n<p>Esta a\u00e7\u00e3o reflete um esfor\u00e7o coordenado do Governo de Mato Grosso do Sul, por meio da Semadesc (Secretaria de Meio Ambiente, Desenvolvimento, Ci\u00eancia, Tecnologia e Inova\u00e7\u00e3o) e do Corpo de Bombeiros, em parceria com a superintend\u00eancia do Ibama (Instituto Brasileiro do Meio Ambiente e dos Recursos Naturais Renov\u00e1veis) no Estado.<\/p>\n\n\n\n<p>&#8220;O Ppemif introduziu uma s\u00e9rie de medidas para a preven\u00e7\u00e3o, prepara\u00e7\u00e3o, resposta e responsabiliza\u00e7\u00e3o em rela\u00e7\u00e3o aos inc\u00eandios florestais. Uma das inova\u00e7\u00f5es mais significativas foi a cria\u00e7\u00e3o da Sala de Situa\u00e7\u00e3o de Informa\u00e7\u00f5es Sobre Fogo, que centraliza dados e an\u00e1lises para auxiliar na formula\u00e7\u00e3o e execu\u00e7\u00e3o de pol\u00edticas p\u00fablicas. Este centro de monitoramento permite uma resposta r\u00e1pida e eficiente, integrando diversas ag\u00eancias governamentais e a sociedade civil&#8221;, informa o secret\u00e1rio Jaime Verruck, da Semadesc.<\/p>\n\n\n<div class=\"wp-block-image\">\n<figure class=\"aligncenter\"><a href=\"https:\/\/www.semadesc.ms.gov.br\/wp-content\/uploads\/2024\/07\/Manejo-Integrado-do-Fogo.jpg\"><img decoding=\"async\" src=\"https:\/\/www.semadesc.ms.gov.br\/wp-content\/uploads\/2024\/07\/Manejo-Integrado-do-Fogo.jpg\" alt=\"\" class=\"wp-image-135081\"\/><\/a><\/figure>\n<\/div>\n\n\n<p>O manejo do fogo em Mato Grosso do Sul abrange uma ampla gama de pr\u00e1ticas, incluindo a realiza\u00e7\u00e3o de queimadas controladas e prescritas, que necessitam de autoriza\u00e7\u00e3o do Imasul (Instituto de Meio Ambiente de Mato Grosso do Sul).<\/p>\n\n\n\n<p>&#8220;Essas pr\u00e1ticas s\u00e3o essenciais para o controle da biomassa acumulada, reduzindo o risco de grandes inc\u00eandios florestais. Al\u00e9m disso, a implementa\u00e7\u00e3o de aceiros durante o per\u00edodo chuvoso tem se mostrado eficaz na mitiga\u00e7\u00e3o dos inc\u00eandios&#8221;, acrescenta Verruck.<\/p>\n\n\n\n<p>Os investimentos em infraestrutura e capacita\u00e7\u00e3o foram fundamentais para o sucesso do Pemif. Entre 2021 e 2022, o governo estadual investiu cerca de R$ 55 milh\u00f5es na aquisi\u00e7\u00e3o de equipamentos e na forma\u00e7\u00e3o de profissionais. Cursos especializados, como opera\u00e7\u00f5es com drones e manejo de aeronaves remotamente pilotadas, foram ministrados para melhorar a capacidade de resposta dos bombeiros.<\/p>\n\n\n\n<p>&#8220;O reconhecimento das a\u00e7\u00f5es de Mato Grosso do Sul vai al\u00e9m das fronteiras estaduais. O estado se tornou refer\u00eancia em monitoramento e combate a inc\u00eandios florestais, com elogios de diversas entidades ambientais e governamentais. A colabora\u00e7\u00e3o com a Nasa em projetos de monitoramento via sat\u00e9lite \u00e9 um exemplo do uso de tecnologia de ponta para a preven\u00e7\u00e3o de desastres ambientais&#8221;, comenta o tenente-coronel Leonardo Rodrigues Congro, assessor bombeiro militar da Semadesc e presidente do Comit\u00ea do Fogo (Comit\u00ea Interinstitucional de Preven\u00e7\u00e3o e Combate aos Inc\u00eandios Florestais de Mato Grosso do Sul).<\/p>\n\n\n\n<p>Congro refor\u00e7a que a pol\u00edtica de manejo do fogo em Mato Grosso do Sul tamb\u00e9m inclui um componente educativo, com campanhas de conscientiza\u00e7\u00e3o para a popula\u00e7\u00e3o, \u201ccampanha \u2018FOGO: Mude os h\u00e1bitos para a vida continuar\u2019 busca informar e engajar a comunidade na preven\u00e7\u00e3o de inc\u00eandios, destacando a import\u00e2ncia de pr\u00e1ticas seguras e respons\u00e1veis\u201d.<\/p>\n\n\n\n<p>O secret\u00e1rio Jaime Verruck acrescenta que o Pemif reconhece &#8220;o papel ecol\u00f3gico do fogo nos ecossistemas. Al\u00e9m disso, h\u00e1 tamb\u00e9m uma quest\u00e3o importante de destacar, que s\u00e3o os Saberes e as Pr\u00e1ticas de uso tradicional do fogo. A partir dessa metodologia do uso tradicional, acoplada a toda a avalia\u00e7\u00e3o cient\u00edfica desse processo, Mato Grosso do Sul implementou uma t\u00e9cnica visando reduzir a incid\u00eancia e danos dos inc\u00eandios florestais em todo o territ\u00f3rio sul-mato-grossense. Esse foi o grande objetivo, da\u00ed a quest\u00e3o do pioneirismo. \u00c9 um processo de mudan\u00e7a cultural e o governo federal agora, com uma lei em n\u00edvel nacional, com certeza fortalece a pol\u00edtica que n\u00f3s j\u00e1 adotamos&#8221;, finaliza.<\/p>\n\n\n\n<p><em>Marcelo Arm\u00f4a, Comunica\u00e7\u00e3o Semadesc<\/em><\/p>\n","protected":false},"excerpt":{"rendered":"<p>Sancionado na quarta-feira (31) pelo Governo Federal, a Pol\u00edtica Nacional de Manejo Integrado do Fogo coloca em pr\u00e1tica a\u00e7\u00f5es em<\/p>\n","protected":false},"author":1,"featured_media":6985,"comment_status":"open","ping_status":"open","sticky":false,"template":"","format":"standard","meta":{"footnotes":""},"categories":[2],"tags":[],"class_list":["post-6983","post","type-post","status-publish","format-standard","has-post-thumbnail","hentry","category-noticias"],"_links":{"self":[{"href":"https:\/\/jornaloalvorada.com.br\/site\/wp-json\/wp\/v2\/posts\/6983","targetHints":{"allow":["GET"]}}],"collection":[{"href":"https:\/\/jornaloalvorada.com.br\/site\/wp-json\/wp\/v2\/posts"}],"about":[{"href":"https:\/\/jornaloalvorada.com.br\/site\/wp-json\/wp\/v2\/types\/post"}],"author":[{"embeddable":true,"href":"https:\/\/jornaloalvorada.com.br\/site\/wp-json\/wp\/v2\/users\/1"}],"replies":[{"embeddable":true,"href":"https:\/\/jornaloalvorada.com.br\/site\/wp-json\/wp\/v2\/comments?post=6983"}],"version-history":[{"count":1,"href":"https:\/\/jornaloalvorada.com.br\/site\/wp-json\/wp\/v2\/posts\/6983\/revisions"}],"predecessor-version":[{"id":6986,"href":"https:\/\/jornaloalvorada.com.br\/site\/wp-json\/wp\/v2\/posts\/6983\/revisions\/6986"}],"wp:featuredmedia":[{"embeddable":true,"href":"https:\/\/jornaloalvorada.com.br\/site\/wp-json\/wp\/v2\/media\/6985"}],"wp:attachment":[{"href":"https:\/\/jornaloalvorada.com.br\/site\/wp-json\/wp\/v2\/media?parent=6983"}],"wp:term":[{"taxonomy":"category","embeddable":true,"href":"https:\/\/jornaloalvorada.com.br\/site\/wp-json\/wp\/v2\/categories?post=6983"},{"taxonomy":"post_tag","embeddable":true,"href":"https:\/\/jornaloalvorada.com.br\/site\/wp-json\/wp\/v2\/tags?post=6983"}],"curies":[{"name":"wp","href":"https:\/\/api.w.org\/{rel}","templated":true}]}}