{"id":6971,"date":"2024-07-31T09:15:54","date_gmt":"2024-07-31T13:15:54","guid":{"rendered":"https:\/\/jornaloalvorada.com.br\/site\/?p=6971"},"modified":"2024-07-31T09:15:57","modified_gmt":"2024-07-31T13:15:57","slug":"mato-grosso-do-sul-gerou-1-645-empregos-formais-em-junho-com-destaque-para-o-comercio","status":"publish","type":"post","link":"https:\/\/jornaloalvorada.com.br\/site\/2024\/07\/31\/mato-grosso-do-sul-gerou-1-645-empregos-formais-em-junho-com-destaque-para-o-comercio\/","title":{"rendered":"Mato Grosso do Sul gerou 1.645 empregos formais em junho, com destaque para o com\u00e9rcio"},"content":{"rendered":"\n<p>Mato Grosso do Sul ampliou em 1.645 o universo de trabalhadores com carteira assinada no m\u00eas de junho, conforme dados divulgados na ter\u00e7a-feira (30) pelo Caged (Cadastro Geral dos Empregados e Desempregados) do Minist\u00e9rio do Trabalho e Emprego.<\/p>\n\n\n\n<p>O setor do Com\u00e9rcio foi o que mais empregou \u2013 683 trabalhadores \u2013 no per\u00edodo, tendo a Ind\u00fastria em segundo (540), Servi\u00e7os em terceiro (446) e a Agropecu\u00e1ria em quarto (388 novos postos de trabalho). O setor da Constru\u00e7\u00e3o apresentou retra\u00e7\u00e3o com o fechamento de 412 vagas de trabalho.<\/p>\n\n\n\n<p>Com esse resultado, aumentou para 679.144 o estoque de trabalhadores formais no Estado. Desde o in\u00edcio do ano Mato Grosso do Sul j\u00e1 empregou mais 21.179 pessoas com carteira assinada. Esse \u00e9 o resultado entre as admiss\u00f5es e demiss\u00f5es ocorridas no per\u00edodo. Foram 4.737 em janeiro, 5.931 em fevereiro, 4.260 em mar\u00e7o, 2.649 em abril e 1.957 em maio.<\/p>\n\n\n\n<p>Outros recortes interessantes que o Caged traz do perfil desses novos trabalhadores \u00e9 com rela\u00e7\u00e3o ao sexo: 1040 s\u00e3o homens e 605 mulheres; instru\u00e7\u00e3o escolar \u2013 1345 estudaram at\u00e9 o n\u00edvel m\u00e9dio; e idade \u2013 1.463 t\u00eam entre 18 a 24 anos.<\/p>\n\n\n\n<p>Com rela\u00e7\u00e3o \u00e0 distribui\u00e7\u00e3o territorial, persiste a concentra\u00e7\u00e3o em Campo Grande que empregou 1.322 trabalhadores em junho. Dourados vem em segundo com 539 contrata\u00e7\u00f5es, seguido de Tr\u00eas Lagoas com 393, Sidrol\u00e2ndia com 112 e \u00c1gua Clara com 99.<\/p>\n\n\n\n<p><em>Jo\u00e3o Prestes, Comunica\u00e7\u00e3o Semadesc<\/em><br><em>Foto: \u00c1lvaro Rezende<\/em><\/p>\n","protected":false},"excerpt":{"rendered":"<p>Mato Grosso do Sul ampliou em 1.645 o universo de trabalhadores com carteira assinada no m\u00eas de junho, conforme dados<\/p>\n","protected":false},"author":1,"featured_media":6972,"comment_status":"open","ping_status":"open","sticky":false,"template":"","format":"standard","meta":{"footnotes":""},"categories":[2],"tags":[],"class_list":["post-6971","post","type-post","status-publish","format-standard","has-post-thumbnail","hentry","category-noticias"],"_links":{"self":[{"href":"https:\/\/jornaloalvorada.com.br\/site\/wp-json\/wp\/v2\/posts\/6971","targetHints":{"allow":["GET"]}}],"collection":[{"href":"https:\/\/jornaloalvorada.com.br\/site\/wp-json\/wp\/v2\/posts"}],"about":[{"href":"https:\/\/jornaloalvorada.com.br\/site\/wp-json\/wp\/v2\/types\/post"}],"author":[{"embeddable":true,"href":"https:\/\/jornaloalvorada.com.br\/site\/wp-json\/wp\/v2\/users\/1"}],"replies":[{"embeddable":true,"href":"https:\/\/jornaloalvorada.com.br\/site\/wp-json\/wp\/v2\/comments?post=6971"}],"version-history":[{"count":1,"href":"https:\/\/jornaloalvorada.com.br\/site\/wp-json\/wp\/v2\/posts\/6971\/revisions"}],"predecessor-version":[{"id":6973,"href":"https:\/\/jornaloalvorada.com.br\/site\/wp-json\/wp\/v2\/posts\/6971\/revisions\/6973"}],"wp:featuredmedia":[{"embeddable":true,"href":"https:\/\/jornaloalvorada.com.br\/site\/wp-json\/wp\/v2\/media\/6972"}],"wp:attachment":[{"href":"https:\/\/jornaloalvorada.com.br\/site\/wp-json\/wp\/v2\/media?parent=6971"}],"wp:term":[{"taxonomy":"category","embeddable":true,"href":"https:\/\/jornaloalvorada.com.br\/site\/wp-json\/wp\/v2\/categories?post=6971"},{"taxonomy":"post_tag","embeddable":true,"href":"https:\/\/jornaloalvorada.com.br\/site\/wp-json\/wp\/v2\/tags?post=6971"}],"curies":[{"name":"wp","href":"https:\/\/api.w.org\/{rel}","templated":true}]}}