{"id":6968,"date":"2024-07-31T08:00:00","date_gmt":"2024-07-31T12:00:00","guid":{"rendered":"https:\/\/jornaloalvorada.com.br\/site\/?p=6968"},"modified":"2024-07-31T08:42:51","modified_gmt":"2024-07-31T12:42:51","slug":"lula-sanciona-politica-de-manejo-do-fogo-e-sobrevoa-areas-de-queimadas-no-pantanal","status":"publish","type":"post","link":"https:\/\/jornaloalvorada.com.br\/site\/2024\/07\/31\/lula-sanciona-politica-de-manejo-do-fogo-e-sobrevoa-areas-de-queimadas-no-pantanal\/","title":{"rendered":"Lula sanciona pol\u00edtica de manejo do fogo e sobrevoa \u00e1reas de queimadas no Pantanal"},"content":{"rendered":"\n<p>O Pal\u00e1cio do Planalto confirmou a agenda do presidente Luiz In\u00e1cio Lula da Silva (PT) em Mato Grosso do Sul nesta quarta-feira (31). O petista vai sobrevoar as \u00e1reas atingidas pelo fogo no Pantanal, visitar as instala\u00e7\u00f5es da base local do Prevfogo e sancionar a lei que institui a Pol\u00edtica Nacional de Manejo Integrado do Fogo.<\/p>\n\n\n\n<p>Lula chega a Corumb\u00e1 \u00e0s 10h (MS), na Brigada Pronto Emprego Pantanal, no Parque Marina Gatass, e sobrevoa as \u00e1reas atingidas pelas queimadas no bioma sul-mato-grossense, em seguida acompanha os profissionais que atuam no combate aos inc\u00eandios florestais. A agenda ser\u00e1 conclu\u00edda com a san\u00e7\u00e3o do Projeto de Lei n\u00b0 1818\/2022, sobre manejo do fogo.<\/p>\n\n\n\n<p>Esta ser\u00e1 a segunda visita do petista ao Estado, a primeira ocorreu em abril, quando o presidente esteve na Capital e anunciou investimento de R$ 150 milh\u00f5es na unidade da JBS para dobrar a produ\u00e7\u00e3o e criar 2,3 mil novos empregos diretos.\u00a0<\/p>\n\n\n\n<p>Antes do presidente, as ministras do Or\u00e7amento e Planejamento, Simone Tebet (MDB), e do Meio Ambiente, Marina Silva (Rede), vieram ao Pantanal duas vezes, no final de junho e no \u00faltimo dia 16.&nbsp;<\/p>\n\n\n\n<p>No dia 12 de julho, o presidente Lula&nbsp; editou medida provis\u00f3ria com cr\u00e9dito extraordin\u00e1rio de R$ 137 milh\u00f5es para a Opera\u00e7\u00e3o Pantanal, que se somam a outros R$ 100 milh\u00f5es liberados no m\u00eas passado.&nbsp;<\/p>\n\n\n\n<p>Diante da expectativa de queimada recorde, o Governo Federal antecipou as a\u00e7\u00f5es preventivas, previstas apenas para agosto, devido \u00e0s mudan\u00e7as clim\u00e1ticas, escassez h\u00eddrica e uso errado do fogo, que provocaram uma antecipa\u00e7\u00e3o das temporadas de inc\u00eandios no bioma.<\/p>\n\n\n\n<p>Atualmente, as equipes atuam no controle e extin\u00e7\u00e3o das chamas que at\u00e9 semana passada estavam concentradas na Bol\u00edvia. Devido a situa\u00e7\u00e3o do clima, o fogo acabou passando para o territ\u00f3rio brasileiro na \u00e1rea pr\u00f3xima a Serra do Amolar e as guarni\u00e7\u00f5es est\u00e3o em deslocamento a\u00e9reo, pois o local \u00e9 de dif\u00edcil acesso.<\/p>\n\n\n\n<p>O trabalho tamb\u00e9m continua direcionado a quatro focos de inc\u00eandio ativos localizados na regi\u00e3o do Porto da Manga, na \u00e1rea de adestramento do Rabicho, nas proximidades das fazendas Tupaceret\u00e3 e Santa Sofia \u2013 ambas localizadas na regi\u00e3o da Nhecol\u00e2ndia.<\/p>\n\n\n\n<p><strong><em>Fonte: O Jacar\u00e9<\/em><\/strong><\/p>\n","protected":false},"excerpt":{"rendered":"<p>O Pal\u00e1cio do Planalto confirmou a agenda do presidente Luiz In\u00e1cio Lula da Silva (PT) em Mato Grosso do Sul<\/p>\n","protected":false},"author":1,"featured_media":6969,"comment_status":"open","ping_status":"open","sticky":false,"template":"","format":"standard","meta":{"footnotes":""},"categories":[2],"tags":[],"class_list":["post-6968","post","type-post","status-publish","format-standard","has-post-thumbnail","hentry","category-noticias"],"_links":{"self":[{"href":"https:\/\/jornaloalvorada.com.br\/site\/wp-json\/wp\/v2\/posts\/6968","targetHints":{"allow":["GET"]}}],"collection":[{"href":"https:\/\/jornaloalvorada.com.br\/site\/wp-json\/wp\/v2\/posts"}],"about":[{"href":"https:\/\/jornaloalvorada.com.br\/site\/wp-json\/wp\/v2\/types\/post"}],"author":[{"embeddable":true,"href":"https:\/\/jornaloalvorada.com.br\/site\/wp-json\/wp\/v2\/users\/1"}],"replies":[{"embeddable":true,"href":"https:\/\/jornaloalvorada.com.br\/site\/wp-json\/wp\/v2\/comments?post=6968"}],"version-history":[{"count":1,"href":"https:\/\/jornaloalvorada.com.br\/site\/wp-json\/wp\/v2\/posts\/6968\/revisions"}],"predecessor-version":[{"id":6970,"href":"https:\/\/jornaloalvorada.com.br\/site\/wp-json\/wp\/v2\/posts\/6968\/revisions\/6970"}],"wp:featuredmedia":[{"embeddable":true,"href":"https:\/\/jornaloalvorada.com.br\/site\/wp-json\/wp\/v2\/media\/6969"}],"wp:attachment":[{"href":"https:\/\/jornaloalvorada.com.br\/site\/wp-json\/wp\/v2\/media?parent=6968"}],"wp:term":[{"taxonomy":"category","embeddable":true,"href":"https:\/\/jornaloalvorada.com.br\/site\/wp-json\/wp\/v2\/categories?post=6968"},{"taxonomy":"post_tag","embeddable":true,"href":"https:\/\/jornaloalvorada.com.br\/site\/wp-json\/wp\/v2\/tags?post=6968"}],"curies":[{"name":"wp","href":"https:\/\/api.w.org\/{rel}","templated":true}]}}