{"id":6958,"date":"2024-07-30T06:57:06","date_gmt":"2024-07-30T10:57:06","guid":{"rendered":"https:\/\/jornaloalvorada.com.br\/site\/?p=6958"},"modified":"2024-07-30T06:57:10","modified_gmt":"2024-07-30T10:57:10","slug":"previsao-do-tempo-frente-fria-traz-leve-queda-das-temperaturas-em-ms-nesta-terca-feira","status":"publish","type":"post","link":"https:\/\/jornaloalvorada.com.br\/site\/2024\/07\/30\/previsao-do-tempo-frente-fria-traz-leve-queda-das-temperaturas-em-ms-nesta-terca-feira\/","title":{"rendered":"Previs\u00e3o do tempo: frente fria traz leve queda das temperaturas em MS nesta ter\u00e7a-feira"},"content":{"rendered":"\n<p>A ter\u00e7a-feira (30) ser\u00e1 marcada por uma mudan\u00e7a no tempo em Mato Grosso do Sul. O avan\u00e7o de uma frente fria oce\u00e2nica deve afetar a regi\u00e3o, fen\u00f4meno meteorol\u00f3gico este que trar\u00e1 um aumento na nebulosidade e uma leve queda nas temperaturas, especialmente nas \u00e1reas do extremo sul, sudeste e sudoeste do Estado.<\/p>\n\n\n\n<p>De acordo com as previs\u00f5es do Cemtec (Centro de Monitoramento do Tempo e do Clima), as condi\u00e7\u00f5es meteorol\u00f3gicas para ter\u00e7a incluem sol alternando com nuvens e possibilidade de chuvas fracas, com destaque para as regi\u00f5es mencionadas. J\u00e1 nas demais partes do Estado o tempo ser\u00e1 predominantemente firme, com sol e varia\u00e7\u00e3o na quantidade de nuvens.<\/p>\n\n\n\n<p>A umidade relativa do ar se manter\u00e1 baixa, especialmente durante a tarde, resultando em uma sensa\u00e7\u00e3o de ar seco.<\/p>\n\n\n\n<p>As temperaturas esperadas para ter\u00e7a-feira variam significativamente de acordo com a localiza\u00e7\u00e3o. Nas regi\u00f5es sul, sudoeste e sudeste, as m\u00ednimas dever\u00e3o ficar entre 15 e 18\u00b0C, com m\u00e1ximas que devem alcan\u00e7ar entre 24 e 26\u00b0C. Na regi\u00e3o pantaneira, as m\u00ednimas ficar\u00e3o entre 18 e 20\u00b0C, enquanto as m\u00e1ximas podem variar de 29 a 34\u00b0C.<\/p>\n\n\n\n<p>Para as regi\u00f5es norte, leste e Bols\u00e3o, as m\u00ednimas s\u00e3o previstas entre 16 e 19\u00b0C e as m\u00e1ximas entre 30 e 35\u00b0C. Em Campo Grande, a temperatura m\u00ednima deve variar entre 17 e 20\u00b0C, e a m\u00e1xima ficar\u00e1 entre 30 e 32\u00b0C. A lista completa pode ser conferida no mapa no final da mat\u00e9ria.<\/p>\n\n\n\n<p>Os ventos tamb\u00e9m estar\u00e3o presentes, com dire\u00e7\u00e3o predominante do quadrante sul, mudando para o leste, e podem atingir velocidades de 30 km\/h a 50 km\/h. H\u00e1 a possibilidade de rajadas que ultrapassem os 50 km\/h, especialmente em \u00e1reas mais expostas.<\/p>\n\n\n\n<p>Apesar dessa queda dos term\u00f4metros, a partir de quarta-feira (31) as temperaturas devem voltar a subir, podendo alcan\u00e7ar entre 34 e 37\u00b0C nas regi\u00f5es pantaneira, norte e sudoeste do Estado, sinalizando o retorno de condi\u00e7\u00f5es mais quentes e secas.<\/p>\n\n\n\n<figure class=\"wp-block-image\"><a href=\"https:\/\/agenciadenoticias.ms.gov.br\/wp-content\/uploads\/2024\/07\/previsao-290724.jpg\" target=\"_blank\" rel=\"noreferrer noopener\"><img decoding=\"async\" src=\"https:\/\/agenciadenoticias.ms.gov.br\/wp-content\/uploads\/2024\/07\/previsao-290724.jpg\" alt=\"\"\/><\/a><\/figure>\n\n\n\n<p><em>Comunica\u00e7\u00e3o Governo de MS<\/em><br><em>Foto: Bruno Rezende<\/em><\/p>\n","protected":false},"excerpt":{"rendered":"<p>A ter\u00e7a-feira (30) ser\u00e1 marcada por uma mudan\u00e7a no tempo em Mato Grosso do Sul. O avan\u00e7o de uma frente<\/p>\n","protected":false},"author":1,"featured_media":6959,"comment_status":"open","ping_status":"open","sticky":false,"template":"","format":"standard","meta":{"footnotes":""},"categories":[2],"tags":[],"class_list":["post-6958","post","type-post","status-publish","format-standard","has-post-thumbnail","hentry","category-noticias"],"_links":{"self":[{"href":"https:\/\/jornaloalvorada.com.br\/site\/wp-json\/wp\/v2\/posts\/6958","targetHints":{"allow":["GET"]}}],"collection":[{"href":"https:\/\/jornaloalvorada.com.br\/site\/wp-json\/wp\/v2\/posts"}],"about":[{"href":"https:\/\/jornaloalvorada.com.br\/site\/wp-json\/wp\/v2\/types\/post"}],"author":[{"embeddable":true,"href":"https:\/\/jornaloalvorada.com.br\/site\/wp-json\/wp\/v2\/users\/1"}],"replies":[{"embeddable":true,"href":"https:\/\/jornaloalvorada.com.br\/site\/wp-json\/wp\/v2\/comments?post=6958"}],"version-history":[{"count":1,"href":"https:\/\/jornaloalvorada.com.br\/site\/wp-json\/wp\/v2\/posts\/6958\/revisions"}],"predecessor-version":[{"id":6960,"href":"https:\/\/jornaloalvorada.com.br\/site\/wp-json\/wp\/v2\/posts\/6958\/revisions\/6960"}],"wp:featuredmedia":[{"embeddable":true,"href":"https:\/\/jornaloalvorada.com.br\/site\/wp-json\/wp\/v2\/media\/6959"}],"wp:attachment":[{"href":"https:\/\/jornaloalvorada.com.br\/site\/wp-json\/wp\/v2\/media?parent=6958"}],"wp:term":[{"taxonomy":"category","embeddable":true,"href":"https:\/\/jornaloalvorada.com.br\/site\/wp-json\/wp\/v2\/categories?post=6958"},{"taxonomy":"post_tag","embeddable":true,"href":"https:\/\/jornaloalvorada.com.br\/site\/wp-json\/wp\/v2\/tags?post=6958"}],"curies":[{"name":"wp","href":"https:\/\/api.w.org\/{rel}","templated":true}]}}