{"id":6941,"date":"2024-07-29T09:08:06","date_gmt":"2024-07-29T13:08:06","guid":{"rendered":"https:\/\/jornaloalvorada.com.br\/site\/?p=6941"},"modified":"2024-07-29T09:08:10","modified_gmt":"2024-07-29T13:08:10","slug":"maduro-e-reeleito-mantem-chavismo-e-ficara-17-anos-no-poder","status":"publish","type":"post","link":"https:\/\/jornaloalvorada.com.br\/site\/2024\/07\/29\/maduro-e-reeleito-mantem-chavismo-e-ficara-17-anos-no-poder\/","title":{"rendered":"Maduro \u00e9 reeleito, mant\u00e9m chavismo e ficar\u00e1 17 anos no poder"},"content":{"rendered":"\n<p>O presidente da Venezuela, Nicol\u00e1s Maduro (Partido Socialista Unido da Venezuela, esquerda), 61 anos, foi reeleito para mais um mandato de 6 anos nas elei\u00e7\u00f5es de domingo (28.jul.2024). O chavista est\u00e1 no poder desde 2013. A posse do venezuelano ser\u00e1 em janeiro de 2025. O an\u00fancio foi feito pelo <a href=\"http:\/\/www.cne.gob.ve\/web\/sala_prensa\/noticia_detallada.php?id=4264\">CNE<\/a> (Conselho Nacional Eleitoral) por volta das 1h15 (hor\u00e1rio de Bras\u00edlia) desta 2\u00aa feira (29.jul).&nbsp;<\/p>\n\n\n\n<p>Com <strong>80%<\/strong> das urnas apuradas, Maduro obteve <strong>51,2%<\/strong> dos votos (5.150.092), contra <strong>44%<\/strong> (4.445.978) do candidato da oposi\u00e7\u00e3o, Edmundo Gonz\u00e1lez Urrutia (Plataforma Unit\u00e1ria Democr\u00e1tica, centro-direita). Outros candidatos obtiveram 462.704, com 4,6% dos votos. O n\u00edvel de participa\u00e7\u00e3o eleitoral foi de 59%, segundo o \u00f3rg\u00e3o eleitoral \u2013que \u00e9 controlado pelo governo. O voto n\u00e3o \u00e9 obrigat\u00f3rio e n\u00e3o h\u00e1 2\u00ba turno.<\/p>\n\n\n\n<p>Durante a apura\u00e7\u00e3o das urnas, ONGs e integrantes da oposi\u00e7\u00e3o ao governo afirmam sofrer hostilidade em alguns locais de vota\u00e7\u00e3o.&nbsp;<\/p>\n\n\n\n<p>Segundo a <a href=\"https:\/\/x.com\/_Provea\" target=\"_blank\" rel=\"noreferrer noopener\">ONG Provea<\/a>, as <em>\u201ctestemunhas\u201d<\/em> da elei\u00e7\u00e3o (\u201ctestigos\u201d, em espanhol) foram impedidas de entrar nas salas de vota\u00e7\u00e3o para acompanhar a contagem dos votos. As testemunhas s\u00e3o venezuelanos que podem participar como observadores na apura\u00e7\u00e3o.<\/p>\n\n\n\n<p>Em <a href=\"https:\/\/x.com\/_Provea\/status\/1817701731439874201\" target=\"_blank\" rel=\"noreferrer noopener\">uma das v\u00e1rias postagens<\/a> nas redes sociais, a Provea afirma que motociclistas paramilitares amedrontaram eleitores que esperavam os resultados em frente aos centros de vota\u00e7\u00e3o.<\/p>\n\n\n\n<p>Em outra publica\u00e7\u00e3o, a ONG afirma que a Pol\u00edcia Nacional Bolivariana, a principal for\u00e7a policial federal da Venezuela, teria impedido as testemunhas de entrar nos locais de apura\u00e7\u00e3o.&nbsp;<\/p>\n\n\n\n<p>Mais cedo, a l\u00edder da oposi\u00e7\u00e3o a Maduro, Mar\u00eda Corina Machado, pediu que os eleitores <a href=\"https:\/\/www.poder360.com.br\/poder-internacional\/eleicoes-poder-internacional\/corina-pede-que-venezuelanos-acompanhem-apuracao-fiquem-em-vigilia\/\" target=\"_blank\" rel=\"noreferrer noopener\">fizessem vig\u00edlia nos centros de vota\u00e7\u00e3o<\/a>, a fim de supervisionar a contagem e evitar fraudes.<\/p>\n\n\n\n<p>O ministro de Defesa da Venezuela, o general Vladimir Padrino L\u00f3pez, disse n\u00e3o ter havido <em>\u201cnenhum incidente digno de men\u00e7\u00e3o\u201d<\/em> durante a vota\u00e7\u00e3o e que <em>\u201co dia transcorreu em paz\u201d<\/em>.&nbsp;<\/p>\n\n\n\n<h2 class=\"wp-block-heading\">ATAQUE AO SISTEMA ELEITORAL<\/h2>\n\n\n\n<p>O presidente do CNE, Dr. Elvis Amoroso, afirmou ao anunciar os n\u00fameros que o sistema eleitoral sofreu<em> \u201cagress\u00f5es\u201d<\/em>, o que, segundo ele, resultou no atrasou do envio dos resultados. Informou que pediu uma investiga\u00e7\u00e3o para apurar o epis\u00f3dio, que classificou como <em>\u201ca\u00e7\u00f5es terroristas\u201d<\/em>.<\/p>\n\n\n\n<p><em>\u201cFazemos um chamado agora a todos os venezuelanos para que respeitem as leis da Rep\u00fablica e o direito do povo de se expressar nas urnas, assim como defender a paz em todo o nosso territ\u00f3rio\u201d<\/em>, disse.<\/p>\n\n\n\n<p>Segundo Amoroso, nas pr\u00f3ximas horas, ser\u00e3o disponibilizados os resultados mesa a mesa, <em>\u201ccomo se fez historicamente gra\u00e7as ao sistema de vota\u00e7\u00e3o automatizado\u201d<\/em>. O presidente do CNE tamb\u00e9m disse que entregar\u00e3o \u00e0s organiza\u00e7\u00f5es com fins pol\u00edticos os resultados em um CD.<\/p>\n\n\n\n<h2 class=\"wp-block-heading\">CHAVISMO<\/h2>\n\n\n\n<p>A vit\u00f3ria de Maduro representa uma <strong>manuten\u00e7\u00e3o do chavismo<\/strong> na Venezuela. O movimento pol\u00edtico \u00e9 associado ao ex-presidente Hugo Ch\u00e1vez, que governou o pa\u00eds de 1999 a 2013. Depois da morte de Ch\u00e1vez, em mar\u00e7o de 2013, o l\u00edder venezuelano se tornou o sucessor da ideologia.<\/p>\n\n\n\n<p>Os defensores veem o chavismo como um movimento revolucion\u00e1rio que visa a construir uma sociedade mais justa e equitativa. No entanto, h\u00e1 cr\u00edticas por centralizar o poder nas m\u00e3os do presidente \u2013Maduro \u00e9 considerado autorit\u00e1rio\u2013 e por levar o pa\u00eds a uma crise econ\u00f4mica.<\/p>\n\n\n\n<p>A campanha eleitoral de Maduro foi marcada por pol\u00eamicas que se popularizaram internacionalmente. O presidente foi acusado de <a href=\"https:\/\/www.poder360.com.br\/poder-internacional\/internacional\/opositora-de-maduro-acusa-governo-de-impedir-candidatura\/\" target=\"_blank\" rel=\"noreferrer noopener\">impedir duas candidatas da oposi\u00e7\u00e3o<\/a>, de Corina Machado, l\u00edder dos opositores, e de Corina Yoris, ambas da Plataforma Unit\u00e1ria Democr\u00e1tica, de concorrer ao pleito.<\/p>\n\n\n\n<p>Em 24 de abril, foi criticado depois de divulgar uma c\u00e9dula de vota\u00e7\u00e3o na qual <a href=\"https:\/\/www.poder360.com.br\/internacional\/maduro-aparece-13-vezes-em-cedula-das-eleicoes-na-venezuela\/\" target=\"_blank\" rel=\"noreferrer noopener\">sua foto e nome apareciam 13 vezes<\/a>. Em resposta, disse que o sistema era baseado no desempenho dos partidos nas elei\u00e7\u00f5es parlamentares.<\/p>\n\n\n\n<p>Durante a campanha, Maduro deu declara\u00e7\u00f5es <a href=\"https:\/\/www.poder360.com.br\/poder-internacional\/internacional\/maduro-promete-respeitar-resultados-das-eleicoes-na-venezuela\/\" target=\"_blank\" rel=\"noreferrer noopener\">se comprometendo publicamente<\/a> a respeitar os resultados do pleito em resposta \u00e0 preocupa\u00e7\u00e3o de parte da oposi\u00e7\u00e3o e de observadores internacionais quanto \u00e0 integridade do processo eleitoral. No entanto, afirmou que Gonz\u00e1lez <a href=\"https:\/\/www.poder360.com.br\/poder-internacional\/internacional\/maduro-acusa-adversarios-politicos-de-planejar-um-golpe-de-estado\/\" target=\"_blank\" rel=\"noreferrer noopener\">planejava<\/a> um golpe De Estado.<\/p>\n\n\n\n<p>Al\u00e9m disso, fez discursos, na reta final da campanha, que sugeriram que n\u00e3o aceitaria caso o candidato da oposi\u00e7\u00e3o vencesse as elei\u00e7\u00f5es. Em 18 de junho, por exemplo, <a href=\"https:\/\/www.poder360.com.br\/videos\/pais-pode-acabar-em-banho-de-sangue-diz-maduro-se-perder-eleicao\/\" target=\"_blank\" rel=\"noreferrer noopener\">disse que o pa\u00eds<\/a> poderia acabar em <em>\u201cbanho de sangue\u201d<\/em> e <em>\u201cguerra civil\u201d<\/em> com a sua derrota.<\/p>\n\n\n\n<p>Na avalia\u00e7\u00e3o de Tha\u00eds Batista, pesquisadora do <a href=\"http:\/\/opsa.com.br\/\" target=\"_blank\" rel=\"noreferrer noopener\">OPSA<\/a> (Observat\u00f3rio Pol\u00edtico Sul-Americano), a Venezuela n\u00e3o \u00e9 considerada&nbsp;uma ditadura, apesar de Maduro ter se mostrado um l\u00edder autorit\u00e1rio.<\/p>\n\n\n\n<p>\u201c<em>A interven\u00e7\u00e3o em partidos da oposi\u00e7\u00e3o \u00e9 outro exemplo claro de uma posi\u00e7\u00e3o autorit\u00e1ria. A Venezuela est\u00e1 passando por um processo de eros\u00e3o da sua democracia, mas ainda existem elei\u00e7\u00f5es<\/em>\u201d, disse ao <strong>Poder360<\/strong>.<\/p>\n\n\n\n<p>Com a vit\u00f3ria, Maduro comandar\u00e1 o Executivo at\u00e9 2030, totalizando <strong>17 anos<\/strong> como presidente da Venezuela. Tha\u00eds Batista avalia que a reelei\u00e7\u00e3o do l\u00edder venezuelano no pa\u00eds reflete as consequ\u00eancias do rompimento do regime, no qual as elites tradicionais estavam no poder.<\/p>\n\n\n\n<p>\u201c<em>O sucesso da manuten\u00e7\u00e3o do PSUV <\/em>[Partido Socialista Unido da Venezuela]<em> no poder por tanto tempo pode ser atribu\u00eddo a essa quest\u00e3o das pol\u00edticas sociais adotadas durante os governos de Ch\u00e1vez e de Maduro, que formaram uma grande base de pessoas que apoiam o governo at\u00e9 hoj<\/em>e\u201d, afirmou a pesquisadora.<\/p>\n\n\n\n<p>Apesar da vit\u00f3ria nas elei\u00e7\u00f5es, o governo de Nicol\u00e1s Maduro enfrenta forte cr\u00edticas, principalmente em rela\u00e7\u00e3o \u00e0 economia <strong>(leia mais abaixo)<\/strong>.<\/p>\n\n\n\n<h2 class=\"wp-block-heading\">QUEM \u00c9 NICOL\u00c1S MADURO<\/h2>\n\n\n\n<p>Al\u00e9m de comandar o Executivo h\u00e1 11 anos, o presidente tem uma extensa carreira pol\u00edtica. Participa de movimentos de esquerda desde a juventude por influ\u00eancia do pai, Nicol\u00e1s Maduro Garc\u00eda.<\/p>\n\n\n\n<p>Nascido em 23 de novembro de 1962 em Caracas, Nicol\u00e1s Maduro Moros trabalhava como motorista do Metrob\u00fas, na capital, antes de seguir a carreira pol\u00edtica. Atualmente \u00e9 casado com Cilia Flores, ex-advogada de Chav\u00e9z e atual deputada do PSUV. Tem um filho do 1\u00ba casamento, Nicol\u00e1s Maduro Guerra.<\/p>\n\n\n\n<p>O l\u00edder venezuelano passou a aprofundar sua participa\u00e7\u00e3o em movimentos sindicais quando se envolveu no Conselho de Administra\u00e7\u00e3o. Mais tarde, fundou o Sindicato do Metr\u00f4 de Caracas.<\/p>\n\n\n\n<p>A carreira pol\u00edtica ganhou impulso nos anos 1990, com envolvimento no MBR-200 (Movimento Revolucion\u00e1rio Bolivariano 200). O grupo tentou, sem sucesso, derrubar o presidente Carlos Andr\u00e9s P\u00e9rez em 1992, o que resultou na pris\u00e3o de Hugo Ch\u00e1vez, ent\u00e3o l\u00edder do MBR-200.<\/p>\n\n\n\n<p>Depois de Ch\u00e1vez assumir a presid\u00eancia em 1999, Maduro ingressou na pol\u00edtica no mesmo ano. Tornou-se integrante da Assembleia Nacional Constituinte, contribuindo para a cria\u00e7\u00e3o de uma nova Constitui\u00e7\u00e3o, que est\u00e1 em vigor no pa\u00eds at\u00e9 a atualidade.<\/p>\n\n\n\n<p>Foi deputado da Assembleia Nacional Constituinte e presidente da Assembleia Nacional. Em 2006, tornou-se ministro das Rela\u00e7\u00f5es Exteriores da Venezuela.<\/p>\n\n\n\n<figure class=\"wp-block-image\"><img decoding=\"async\" src=\"https:\/\/static.poder360.com.br\/2024\/07\/candidatos-eleicoes-venezuela-19-jul-2024-1.png\" alt=\"\"\/><\/figure>\n\n\n\n<p>Em 2012, chegou ao cargo de vice-presidente, assumindo a presid\u00eancia em 2013 depois do falecimento de Ch\u00e1vez. No total, s\u00e3o <strong>25 anos inserido no contexto pol\u00edtico venezuelano<\/strong>.<\/p>\n\n\n\n<h2 class=\"wp-block-heading\">LEGITIMIDADE DA REELEI\u00c7\u00c3O<\/h2>\n\n\n\n<p>As elei\u00e7\u00f5es venezuelanas s\u00e3o vistas com grande desconfian\u00e7a por autoridades internacionais. O pa\u00eds recebeu observadores para avaliar o pleito, incluindo integrantes da <a href=\"https:\/\/www.un.org\/sg\/en\/content\/sg\/note-correspondents\/2024-06-25\/note-correspondents-venezuela-deployment-of-un-panel-of-electoral-experts-scroll-down-for-spanish\" target=\"_blank\" rel=\"noreferrer noopener\">ONU<\/a> (Organiza\u00e7\u00e3o das Na\u00e7\u00f5es Unidas) e do <a href=\"https:\/\/www.cartercenter.org\/news\/pr\/2024\/venezuela-062124.html\" target=\"_blank\" rel=\"noreferrer noopener\">Carter Center<\/a> nos Estados Unidos. Inicialmente, o <a href=\"https:\/\/www.poder360.com.br\/poder-justica\/tse-confirma-que-ira-monitorar-as-eleicoes-na-venezuela\/\" target=\"_blank\" rel=\"noreferrer noopener\">TSE<\/a> (Tribunal Superior Eleitoral) iria acompanhar o processo, mas desistiu depois de Maduro <a href=\"https:\/\/www.poder360.com.br\/poder-internacional\/sem-provas-maduro-critica-brasil-por-nao-auditar-urnas\/\" target=\"_blank\" rel=\"noreferrer noopener\">criticar o sistema eleitoral brasileiro<\/a>.<\/p>\n\n\n\n<p>Em mar\u00e7o, o CNE anunciou ter convidado a Celac (Comunidade dos Estados Latino-Americanos e Caribenhos), Caricom (Comunidade do Caribe), Uni\u00e3o Africana, Uni\u00e3o Europeia, especialistas da ONU, Brics e o Centro Carter para observar o pleito. O ministro das rela\u00e7\u00f5es Exteriores venezuelano, Yv\u00e1n Gil, informou em 11 de julho que o pa\u00eds receberia mais de 635 observadores.&nbsp;<br><br>O \u00f3rg\u00e3o, no entanto, <a href=\"https:\/\/www.poder360.com.br\/poder-internacional\/internacional\/governo-maduro-pede-que-observadores-da-ue-nao-acompanhem-eleiecoes\/\">cancelou o convite para a Uni\u00e3o Europeia<\/a> em maio. A decis\u00e3o se deu depois que o bloco europeu estendeu a validade das san\u00e7\u00f5es contra a Venezuela at\u00e9 10 de janeiro de 2025, data da posse do presidente eleito.<\/p>\n\n\n\n<p>O grupo de observadores proibido de acompanhar as elei\u00e7\u00f5es era composto pelos ex-presidentes Mireya Moscoso (Panam\u00e1), Miguel \u00c1ngel Rodr\u00edguez (Costa Rica), Jorge Quiroga (Bol\u00edvia) e Vicente Fox (M\u00e9xico), todos integrantes da Iniciativa Democr\u00e1tica da Espanha e das Am\u00e9ricas (Grupo Idea) e cr\u00edticos do governo de Maduro.<\/p>\n\n\n\n<p>Al\u00e9m disso, 10 congressistas e eurodeputados do Partido Popular (PP) espanhol, assim como uma parlamentar da Col\u00f4mbia e outra do Equador, acusaram sua deporta\u00e7\u00e3o ao chegarem no aeroporto de Maiquet\u00eda, que serve a Caracas.<\/p>\n\n\n\n<h2 class=\"wp-block-heading\">RELA\u00c7\u00c3O COM O BRASIL<\/h2>\n\n\n\n<p>Desde que foi eleito para o seu 3\u00ba mandato como presidente em 2023, <a href=\"https:\/\/monitor.poder360.com.br\/politicos-do-brasil\/929674\" target=\"_blank\" rel=\"noreferrer noopener\">Luiz In\u00e1cio Lula da Silva<\/a> (PT) reatou os la\u00e7os do Brasil com a Venezuela, rompidos durante o governo de <a href=\"https:\/\/eleicoes-monitor.poder360.com.br\/candidato\/630212#2022\" target=\"_blank\" rel=\"noreferrer noopener\">Jair Bolsonaro<\/a> (PL), e endossou a imagem do presidente venezuelano perante o mundo.<\/p>\n\n\n\n<p>A rela\u00e7\u00e3o entre o petista e o herdeiro de Hugo Ch\u00e1vez teve desgastes quando o governante do pa\u00eds vizinho tentou articular a anexa\u00e7\u00e3o de Essequibo, regi\u00e3o do territ\u00f3rio da Guiana, no fim de 2023. Voltou a estremecer na \u00faltima semana, depois que Maduro disse, sem citar Lula, que, quem <a href=\"https:\/\/www.poder360.com.br\/poder-internacional\/lula-diz-ter-se-assustado-com-fala-de-maduro-sobre-possivel-derrota\/\" target=\"_blank\" rel=\"noreferrer noopener\">tivesse se assustado<\/a> com seu progn\u00f3stico de um <em>\u201cbanho de sangue\u201d<\/em> caso seja derrotado nas elei\u00e7\u00f5es, <a href=\"https:\/\/www.poder360.com.br\/poder-internacional\/quem-assustou-que-tome-cha-de-camomila-diz-maduro-apos-fala-de-lula\/\" target=\"_blank\" rel=\"noreferrer noopener\">tomasse um <em>\u201cch\u00e1 de camomila\u201d<\/em><\/a>.<\/p>\n\n\n\n<p>O governo brasileiro acompanhou com aten\u00e7\u00e3o os movimentos do venezuelano \u00e0s v\u00e9speras da elei\u00e7\u00e3o presidencial.<\/p>\n\n\n\n<p>Lula enviou ao pa\u00eds vizinho seu assessor especial para assuntos internacionais, Celso Amorim, <a href=\"https:\/\/www.poder360.com.br\/governo\/na-venezuela-celso-amorim-se-reune-com-governo-e-oposicao\/\" target=\"_blank\" rel=\"noreferrer noopener\">para acompanhar o processo eleitoral<\/a>. Por ser um dos poucos representantes de governos e da comunidade internacional, a atua\u00e7\u00e3o do ex-chanceler brasileiro ganhou peso.<\/p>\n\n\n\n<p>A presen\u00e7a do ex-chanceler refor\u00e7ou a posi\u00e7\u00e3o do Brasil como aliado e principal ator na tentativa de assegurar um processo democr\u00e1tico no pa\u00eds. Qualquer declara\u00e7\u00e3o de Amorim e rea\u00e7\u00e3o do governo Lula ter\u00e3o impacto na forma como outros pa\u00edses podem reagir ao resultado eleitoral.<\/p>\n\n\n\n<p>Por isso, a subida de tom de Maduro contra Lula nos \u00faltimos dias foi recebida com irrita\u00e7\u00e3o por assessores do petista, que optaram por <a href=\"https:\/\/www.poder360.com.br\/governo\/governo-lula-evita-responder-maduro-sobre-acusacao-de-urnas-inauditaveis\/#:~:text=O%20governo%20do%20presidente%20Luiz,vizinho%2C%20segundo%20apurou%20o%20Poder360.\">n\u00e3o responder \u00e0s cr\u00edticas<\/a> para evitar uma escalada da tens\u00e3o j\u00e1 existente na elei\u00e7\u00e3o.<\/p>\n\n\n\n<p>A rela\u00e7\u00e3o entre os 2 presidentes remonta aos primeiros governos do petista (2003-2010) quando foi um dos principais aliados do ex-presidente venezuelano Hugo Ch\u00e1vez na Am\u00e9rica Latina. O apoio foi transferido a Maduro, sucessor de Ch\u00e1vez e tido como seu pupilo.<\/p>\n\n\n\n<h2 class=\"wp-block-heading\">ECONOMIA<\/h2>\n\n\n\n<p>Atualmente, a Venezuela se encontra em um estado cr\u00edtico, principalmente em rela\u00e7\u00e3o \u00e0 economia. O PIB (Produto Interno Bruto) encolheu 62,5% ao longo de uma d\u00e9cada, sob a presid\u00eancia de Maduro.<\/p>\n\n\n\n<p>Em 2021, 68% da popula\u00e7\u00e3o venezuelana estava em situa\u00e7\u00e3o de extrema pobreza e a taxa de infla\u00e7\u00e3o de 190% do pa\u00eds no ano passado foi uma das mais altas do mundo. Desde 2013, registrou queda populacional de 11%, em grande parte por causa do \u00eaxodo de venezuelanos.<\/p>\n\n\n\n<p><a href=\"https:\/\/br.linkedin.com\/in\/alex-agostini-65439523\" target=\"_blank\" rel=\"noreferrer noopener\">Alex Agostini<\/a>, economista-chefe da ag\u00eancia classificadora de risco <a href=\"https:\/\/www.austin.com.br\/\" target=\"_blank\" rel=\"noreferrer noopener\">Austin Rating<\/a>, fez um levantamento para o <strong>Poder360<\/strong> com os principais dados econ\u00f4micos da Venezuela. <strong>Leia abaixo:<\/strong><\/p>\n\n\n\n<p>Segundo Agostini,&nbsp;os n\u00fameros refletem erros de uma pol\u00edtica autorit\u00e1ria. <em>\u201cUm governo autorit\u00e1rio tem todos esses efeitos na economia. Hiperinfla\u00e7\u00e3o, recess\u00e3o, aumento da pobreza, entre outros. S\u00e3o diversos fatores que colocam o pa\u00eds em atraso\u201d<\/em>, declara.<\/p>\n\n\n\n<p>Na an\u00e1lise de <a href=\"https:\/\/br.linkedin.com\/in\/tha%C3%ADs-jesinski-batista-2b8431123\" target=\"_blank\" rel=\"noreferrer noopener\">Tha\u00eds Batista<\/a>, pesquisadora do <a href=\"http:\/\/opsa.com.br\/\" target=\"_blank\" rel=\"noreferrer noopener\">OPSA<\/a> (Observat\u00f3rio Pol\u00edtico Sul-Americano), o governo Maduro tem <em>\u201cdificuldades de se adaptar\u201d<\/em> \u00e0s mudan\u00e7as conjunturais. <em>\u201cN\u00e3o se pode negar que existe um desgaste do partido, do governo, do Maduro, por causa das conjunturas pol\u00edticas externas e internas de crise econ\u00f4mica e de san\u00e7\u00f5es\u201d<\/em>, diz.<\/p>\n\n\n\n<p>A especialista afirma que, embora o atual presidente possa ter desejado continuar as pol\u00edticas sociais de Hugo Ch\u00e1vez, ele se deparou com um cen\u00e1rio diferente que <em>\u201climitou suas op\u00e7\u00f5es pol\u00edticas\u201d<\/em> e sua capacidade de a\u00e7\u00e3o.<\/p>\n\n\n\n<p><em>\u201cO governo de Hugo Ch\u00e1vez se desenvolveu durante a chamada \u2018onda rosa\u2019 na Am\u00e9rica Latina, quando os pre\u00e7os das commodities, incluindo o petr\u00f3leo, estavam em alta. Havia uma demanda internacional por produtos da regi\u00e3o, e essa bonan\u00e7a econ\u00f4mica internacional beneficiou os pa\u00edses latino-americanos\u201d<\/em>, afirma.<\/p>\n\n\n\n<p><em>\u201cMaduro, por outro lado, assumiu o governo no final dessa onda, enfrentando crises cujos efeitos come\u00e7aram a atingir os pa\u00edses perif\u00e9ricos. A Venezuela come\u00e7ou a sentir a queda do pre\u00e7o do petr\u00f3leo, o que impactou toda a economia do pa\u00eds\u201d<\/em>, diz.<\/p>\n\n\n\n<p>A economia da Venezuela, contudo, mostrou sinais de crescimento neste e no ano passado, o que, segundo Carolina Silva Pedroso, pode implicar em uma sensa\u00e7\u00e3o de certa estabilidade que pode ajudar Maduro NO domingo (28.jul).<\/p>\n\n\n\n<p><em>\u201cEsses indicadores trazem um al\u00edvio importante em uma economia assolada h\u00e1 mais de uma d\u00e9cada por uma crise profunda, o que, consequentemente, tem reflexo direto sobre a vida das pessoas, principalmente a infla\u00e7\u00e3o\u201d<\/em>, diz.<em>\u201cTraz uma relativa sensa\u00e7\u00e3o de estabilidade e de que, talvez, seja o in\u00edcio do fim da crise\u201d<\/em>, afirma.<\/p>\n\n\n\n<p><strong><em>Fonte: Poder360<\/em><\/strong><\/p>\n","protected":false},"excerpt":{"rendered":"<p>O presidente da Venezuela, Nicol\u00e1s Maduro (Partido Socialista Unido da Venezuela, esquerda), 61 anos, foi reeleito para mais um mandato<\/p>\n","protected":false},"author":1,"featured_media":6942,"comment_status":"open","ping_status":"open","sticky":false,"template":"","format":"standard","meta":{"footnotes":""},"categories":[2],"tags":[],"class_list":["post-6941","post","type-post","status-publish","format-standard","has-post-thumbnail","hentry","category-noticias"],"_links":{"self":[{"href":"https:\/\/jornaloalvorada.com.br\/site\/wp-json\/wp\/v2\/posts\/6941","targetHints":{"allow":["GET"]}}],"collection":[{"href":"https:\/\/jornaloalvorada.com.br\/site\/wp-json\/wp\/v2\/posts"}],"about":[{"href":"https:\/\/jornaloalvorada.com.br\/site\/wp-json\/wp\/v2\/types\/post"}],"author":[{"embeddable":true,"href":"https:\/\/jornaloalvorada.com.br\/site\/wp-json\/wp\/v2\/users\/1"}],"replies":[{"embeddable":true,"href":"https:\/\/jornaloalvorada.com.br\/site\/wp-json\/wp\/v2\/comments?post=6941"}],"version-history":[{"count":1,"href":"https:\/\/jornaloalvorada.com.br\/site\/wp-json\/wp\/v2\/posts\/6941\/revisions"}],"predecessor-version":[{"id":6943,"href":"https:\/\/jornaloalvorada.com.br\/site\/wp-json\/wp\/v2\/posts\/6941\/revisions\/6943"}],"wp:featuredmedia":[{"embeddable":true,"href":"https:\/\/jornaloalvorada.com.br\/site\/wp-json\/wp\/v2\/media\/6942"}],"wp:attachment":[{"href":"https:\/\/jornaloalvorada.com.br\/site\/wp-json\/wp\/v2\/media?parent=6941"}],"wp:term":[{"taxonomy":"category","embeddable":true,"href":"https:\/\/jornaloalvorada.com.br\/site\/wp-json\/wp\/v2\/categories?post=6941"},{"taxonomy":"post_tag","embeddable":true,"href":"https:\/\/jornaloalvorada.com.br\/site\/wp-json\/wp\/v2\/tags?post=6941"}],"curies":[{"name":"wp","href":"https:\/\/api.w.org\/{rel}","templated":true}]}}