{"id":6936,"date":"2024-07-29T09:03:57","date_gmt":"2024-07-29T13:03:57","guid":{"rendered":"https:\/\/jornaloalvorada.com.br\/site\/?p=6936"},"modified":"2024-07-29T09:04:00","modified_gmt":"2024-07-29T13:04:00","slug":"semana-comeca-com-frente-fria-mas-tempo-seco-continua","status":"publish","type":"post","link":"https:\/\/jornaloalvorada.com.br\/site\/2024\/07\/29\/semana-comeca-com-frente-fria-mas-tempo-seco-continua\/","title":{"rendered":"Semana come\u00e7a com frente fria, mas tempo seco continua"},"content":{"rendered":"\n<p>Segundo o Cemtec (Centro de Monitoramento do Tempo e do Clima), a semana inicia com a aproxima\u00e7\u00e3o de uma frente fria, que dever\u00e1 favorecer o aumento de nebulosidade e leve queda nas temperaturas, principalmente, nas regi\u00f5es sudeste, extremo sul e sudoeste do Estado<\/p>\n\n\n\n<p>&#8220;Nessas regi\u00f5es, pontualmente, podem ocorrer chuvas, por\u00e9m em grande parte de Mato Grosso do Sul, a previs\u00e3o indica tempo firme, com o sol e aumento de nebulosidade. Hoje, a previs\u00e3o indica tempo com o sol, aumento de nebulosidade e pontualmente chuvas com estaca nas regi\u00f5es sul, sudeste e sudoeste&#8221;, informa a coordenadora do Cemtec, a meteorologista Valesca Fernandes.<\/p>\n\n\n\n<p>Ainda de acordo com o Cemtec, nas regi\u00f5es centro-norte, nordeste e leste, espera-se baixo valor de umidade relativa do ar, entre 10% e 30%. Em rela\u00e7\u00e3o \u00e0s temperaturas, s\u00e3o previstas m\u00ednimas entre 15\u00b0C e 18\u00b0C e m\u00e1ximas entre 24\u00b0C e 26\u00b0C para as regi\u00f5es sul, sudoeste e sudeste.<\/p>\n\n\n\n<p>Na regi\u00e3o pantaneira, espera-se m\u00ednimas entre 18\u00b0C e 20\u00b0C e m\u00e1ximas entre 29\u00b0C e 32\u00b0C. Para as regi\u00f5es norte-bols\u00e3o, espera-se m\u00ednimas entre 16\u00b0C e 18\u00b0C e m\u00e1ximas entre 29\u00b0C e 35\u00b0C. Na capital, s\u00e3o esperadas m\u00ednimas entre 17\u00b0C e 19\u00b0C e m\u00e1ximas entre 30\u00b0C e 32\u00b0C.<\/p>\n\n\n\n<p>Os ventos atuam no quadrante sul e giram para o quadrante leste com valores entre 30 e 50 km\/h e, pontualmente, podem ocorrer rajadas de vento acima de 50 km\/h.<\/p>\n\n\n\n<p><em>Alexandre Gonzaga, Comunica\u00e7\u00e3o do Governo de Mato Grosso do Sul<\/em><\/p>\n\n\n\n<p>Foto: Saul Schramm<\/p>\n\n\n\n<figure class=\"wp-block-image\"><a href=\"https:\/\/agenciadenoticias.ms.gov.br\/wp-content\/uploads\/2024\/07\/Tempo-29-07-24.jpeg\"><img decoding=\"async\" src=\"https:\/\/agenciadenoticias.ms.gov.br\/wp-content\/uploads\/2024\/07\/Tempo-29-07-24-1024x724.jpeg\" alt=\"\" class=\"wp-image-484826\"\/><\/a><\/figure>\n","protected":false},"excerpt":{"rendered":"<p>Segundo o Cemtec (Centro de Monitoramento do Tempo e do Clima), a semana inicia com a aproxima\u00e7\u00e3o de uma frente<\/p>\n","protected":false},"author":1,"featured_media":848,"comment_status":"open","ping_status":"open","sticky":false,"template":"","format":"standard","meta":{"footnotes":""},"categories":[2],"tags":[],"class_list":["post-6936","post","type-post","status-publish","format-standard","has-post-thumbnail","hentry","category-noticias"],"_links":{"self":[{"href":"https:\/\/jornaloalvorada.com.br\/site\/wp-json\/wp\/v2\/posts\/6936","targetHints":{"allow":["GET"]}}],"collection":[{"href":"https:\/\/jornaloalvorada.com.br\/site\/wp-json\/wp\/v2\/posts"}],"about":[{"href":"https:\/\/jornaloalvorada.com.br\/site\/wp-json\/wp\/v2\/types\/post"}],"author":[{"embeddable":true,"href":"https:\/\/jornaloalvorada.com.br\/site\/wp-json\/wp\/v2\/users\/1"}],"replies":[{"embeddable":true,"href":"https:\/\/jornaloalvorada.com.br\/site\/wp-json\/wp\/v2\/comments?post=6936"}],"version-history":[{"count":1,"href":"https:\/\/jornaloalvorada.com.br\/site\/wp-json\/wp\/v2\/posts\/6936\/revisions"}],"predecessor-version":[{"id":6937,"href":"https:\/\/jornaloalvorada.com.br\/site\/wp-json\/wp\/v2\/posts\/6936\/revisions\/6937"}],"wp:featuredmedia":[{"embeddable":true,"href":"https:\/\/jornaloalvorada.com.br\/site\/wp-json\/wp\/v2\/media\/848"}],"wp:attachment":[{"href":"https:\/\/jornaloalvorada.com.br\/site\/wp-json\/wp\/v2\/media?parent=6936"}],"wp:term":[{"taxonomy":"category","embeddable":true,"href":"https:\/\/jornaloalvorada.com.br\/site\/wp-json\/wp\/v2\/categories?post=6936"},{"taxonomy":"post_tag","embeddable":true,"href":"https:\/\/jornaloalvorada.com.br\/site\/wp-json\/wp\/v2\/tags?post=6936"}],"curies":[{"name":"wp","href":"https:\/\/api.w.org\/{rel}","templated":true}]}}