{"id":6931,"date":"2024-07-26T15:09:48","date_gmt":"2024-07-26T19:09:48","guid":{"rendered":"https:\/\/jornaloalvorada.com.br\/site\/?p=6931"},"modified":"2024-07-26T15:09:51","modified_gmt":"2024-07-26T19:09:51","slug":"secretario-geral-da-onu-pede-tregua-em-conflitos-durante-a-olimpiada","status":"publish","type":"post","link":"https:\/\/jornaloalvorada.com.br\/site\/2024\/07\/26\/secretario-geral-da-onu-pede-tregua-em-conflitos-durante-a-olimpiada\/","title":{"rendered":"Secret\u00e1rio-geral da ONU pede tr\u00e9gua em conflitos durante a Olimp\u00edada"},"content":{"rendered":"\n<p>O secret\u00e1rio-geral da Organiza\u00e7\u00e3o das Na\u00e7\u00f5es Unidas (ONU), Ant\u00f3nio Guterres, pediu a todos os pa\u00edses que parem com os conflitos armados como parte da tr\u00e9gua ol\u00edmpica, antes da abertura dos Jogos Ol\u00edmpicos de Paris 2024 nesta sexta-feira (26).<\/p>\n\n\n\n<p>Em encontro com o presidente do Comit\u00ea Ol\u00edmpico Internacional (COI), Thomas Bach, o secret\u00e1rio-geral das Na\u00e7\u00f5es Unidas disse que os Jogos s\u00e3o uma chance para a paz. &#8220;Quero expressar o total apoio das Na\u00e7\u00f5es Unidas ao COI&#8221;, afirmou Guterres. &#8220;Vivemos em um mundo dividido, onde os conflitos est\u00e3o proliferando de forma dram\u00e1tica.&#8221;<\/p>\n\n\n\n<p>&#8220;O sofrimento terr\u00edvel em Gaza, a guerra aparentemente intermin\u00e1vel na Ucr\u00e2nia, o sofrimento terr\u00edvel [que vai] do Sud\u00e3o \u00e0 Rep\u00fablica Democr\u00e1tica do Congo, do Sahel a Mianmar&#8221;, acrescentou.<\/p>\n\n\n\n<p>&#8220;Em um momento como este, \u00e9 importante dizer que a primeira iniciativa de paz real registrada na hist\u00f3ria foi a tr\u00e9gua ol\u00edmpica&#8221;, lembrou o secret\u00e1rio-geral da ONU. Durante as Olimp\u00edadas na Gr\u00e9cia antiga, todos os conflitos cessaram durante os Jogos para permitir que as competi\u00e7\u00f5es prosseguissem.<\/p>\n\n\n\n<p>&#8220;Em um momento em que os Jogos Ol\u00edmpicos ter\u00e3o in\u00edcio, \u00e9 hora de lembrar o mundo da import\u00e2ncia da tr\u00e9gua ol\u00edmpica e fazer com que o mundo entenda que temos que silenciar as armas&#8221;, enfatizou.<\/p>\n\n\n\n<p>Os Jogos come\u00e7am nesta sexta-feira e terminam em 11 de agosto com a participa\u00e7\u00e3o de mais de 10,5 mil atletas, representando 206 na\u00e7\u00f5es e territ\u00f3rios.<\/p>\n\n\n\n<p>Isso inclui uma equipe palestina, que, embora n\u00e3o seja membro pleno das Na\u00e7\u00f5es Unidas, tem um comit\u00ea ol\u00edmpico nacional oficial, bem como atletas da R\u00fassia e de Belarus, que competir\u00e3o como neutros, sem bandeira ou emblema, como vem ocorrendo em muitos torneios ap\u00f3s a invas\u00e3o da Ucr\u00e2nia em 2022.<\/p>\n\n\n\n<p>&#8220;Portanto, este \u00e9 o momento em que meu forte apelo \u00e9 para que os pa\u00edses se unam com o mesmo esp\u00edrito com que os atletas se unir\u00e3o durante os Jogos Ol\u00edmpicos em Paris&#8221;, disse Guterres.<\/p>\n\n\n\n<p><strong><em>Fonte: Ag\u00eancia Brasil<\/em><\/strong><\/p>\n","protected":false},"excerpt":{"rendered":"<p>O secret\u00e1rio-geral da Organiza\u00e7\u00e3o das Na\u00e7\u00f5es Unidas (ONU), Ant\u00f3nio Guterres, pediu a todos os pa\u00edses que parem com os conflitos<\/p>\n","protected":false},"author":1,"featured_media":6932,"comment_status":"open","ping_status":"open","sticky":false,"template":"","format":"standard","meta":{"footnotes":""},"categories":[2],"tags":[],"class_list":["post-6931","post","type-post","status-publish","format-standard","has-post-thumbnail","hentry","category-noticias"],"_links":{"self":[{"href":"https:\/\/jornaloalvorada.com.br\/site\/wp-json\/wp\/v2\/posts\/6931","targetHints":{"allow":["GET"]}}],"collection":[{"href":"https:\/\/jornaloalvorada.com.br\/site\/wp-json\/wp\/v2\/posts"}],"about":[{"href":"https:\/\/jornaloalvorada.com.br\/site\/wp-json\/wp\/v2\/types\/post"}],"author":[{"embeddable":true,"href":"https:\/\/jornaloalvorada.com.br\/site\/wp-json\/wp\/v2\/users\/1"}],"replies":[{"embeddable":true,"href":"https:\/\/jornaloalvorada.com.br\/site\/wp-json\/wp\/v2\/comments?post=6931"}],"version-history":[{"count":1,"href":"https:\/\/jornaloalvorada.com.br\/site\/wp-json\/wp\/v2\/posts\/6931\/revisions"}],"predecessor-version":[{"id":6933,"href":"https:\/\/jornaloalvorada.com.br\/site\/wp-json\/wp\/v2\/posts\/6931\/revisions\/6933"}],"wp:featuredmedia":[{"embeddable":true,"href":"https:\/\/jornaloalvorada.com.br\/site\/wp-json\/wp\/v2\/media\/6932"}],"wp:attachment":[{"href":"https:\/\/jornaloalvorada.com.br\/site\/wp-json\/wp\/v2\/media?parent=6931"}],"wp:term":[{"taxonomy":"category","embeddable":true,"href":"https:\/\/jornaloalvorada.com.br\/site\/wp-json\/wp\/v2\/categories?post=6931"},{"taxonomy":"post_tag","embeddable":true,"href":"https:\/\/jornaloalvorada.com.br\/site\/wp-json\/wp\/v2\/tags?post=6931"}],"curies":[{"name":"wp","href":"https:\/\/api.w.org\/{rel}","templated":true}]}}