{"id":6881,"date":"2024-07-22T06:06:00","date_gmt":"2024-07-22T10:06:00","guid":{"rendered":"https:\/\/jornaloalvorada.com.br\/site\/?p=6881"},"modified":"2024-07-22T09:11:01","modified_gmt":"2024-07-22T13:11:01","slug":"equipe-de-jiu-jitsu-delariva-nas-e-selecao-da-fsmjj-conquista-o-campeonato-mundial-de-jiu-jitsu-por-equipes","status":"publish","type":"post","link":"https:\/\/jornaloalvorada.com.br\/site\/2024\/07\/22\/equipe-de-jiu-jitsu-delariva-nas-e-selecao-da-fsmjj-conquista-o-campeonato-mundial-de-jiu-jitsu-por-equipes\/","title":{"rendered":"Equipe de Jiu-j\u00edtsu Delariva NAS e sele\u00e7\u00e3o da FSMJJ conquista o campeonato Mundial de jiu-jitsu por equipes"},"content":{"rendered":"\n<p>Equipe de Jiu-j\u00edtsu Delariva NAS, juntamente da sele\u00e7\u00e3o da FSMJJ conquista o campeonato Mundial de jiu-jitsu por equipes juvenil e adulto e coloca mais uma vez Nova Alvorada do Sul no lugar mais alto do p\u00f3dio.<\/p>\n\n\n\n<p>A competi\u00e7\u00e3o est\u00e1 sendo realizada no Rio de Janeiro e estamos na briga pelo t\u00edtulo na categoria infantil!<\/p>\n\n\n\n<p>Parab\u00e9ns aos professores Flavio e Felipe e a todos os nossos atletas Sulnovaalvoradenses.<\/p>\n","protected":false},"excerpt":{"rendered":"<p>Equipe de Jiu-j\u00edtsu Delariva NAS, juntamente da sele\u00e7\u00e3o da FSMJJ conquista o campeonato Mundial de jiu-jitsu por equipes juvenil e<\/p>\n","protected":false},"author":1,"featured_media":6882,"comment_status":"open","ping_status":"open","sticky":false,"template":"","format":"standard","meta":{"footnotes":""},"categories":[2],"tags":[],"class_list":["post-6881","post","type-post","status-publish","format-standard","has-post-thumbnail","hentry","category-noticias"],"_links":{"self":[{"href":"https:\/\/jornaloalvorada.com.br\/site\/wp-json\/wp\/v2\/posts\/6881","targetHints":{"allow":["GET"]}}],"collection":[{"href":"https:\/\/jornaloalvorada.com.br\/site\/wp-json\/wp\/v2\/posts"}],"about":[{"href":"https:\/\/jornaloalvorada.com.br\/site\/wp-json\/wp\/v2\/types\/post"}],"author":[{"embeddable":true,"href":"https:\/\/jornaloalvorada.com.br\/site\/wp-json\/wp\/v2\/users\/1"}],"replies":[{"embeddable":true,"href":"https:\/\/jornaloalvorada.com.br\/site\/wp-json\/wp\/v2\/comments?post=6881"}],"version-history":[{"count":1,"href":"https:\/\/jornaloalvorada.com.br\/site\/wp-json\/wp\/v2\/posts\/6881\/revisions"}],"predecessor-version":[{"id":6883,"href":"https:\/\/jornaloalvorada.com.br\/site\/wp-json\/wp\/v2\/posts\/6881\/revisions\/6883"}],"wp:featuredmedia":[{"embeddable":true,"href":"https:\/\/jornaloalvorada.com.br\/site\/wp-json\/wp\/v2\/media\/6882"}],"wp:attachment":[{"href":"https:\/\/jornaloalvorada.com.br\/site\/wp-json\/wp\/v2\/media?parent=6881"}],"wp:term":[{"taxonomy":"category","embeddable":true,"href":"https:\/\/jornaloalvorada.com.br\/site\/wp-json\/wp\/v2\/categories?post=6881"},{"taxonomy":"post_tag","embeddable":true,"href":"https:\/\/jornaloalvorada.com.br\/site\/wp-json\/wp\/v2\/tags?post=6881"}],"curies":[{"name":"wp","href":"https:\/\/api.w.org\/{rel}","templated":true}]}}