{"id":6870,"date":"2024-07-19T15:10:42","date_gmt":"2024-07-19T19:10:42","guid":{"rendered":"https:\/\/jornaloalvorada.com.br\/site\/?p=6870"},"modified":"2024-07-19T15:10:45","modified_gmt":"2024-07-19T19:10:45","slug":"prefeito-paleari-destaca-a-qualidade-das-obras-realizadas-em-nova-alvorada-do-sul","status":"publish","type":"post","link":"https:\/\/jornaloalvorada.com.br\/site\/2024\/07\/19\/prefeito-paleari-destaca-a-qualidade-das-obras-realizadas-em-nova-alvorada-do-sul\/","title":{"rendered":"Prefeito Paleari destaca a qualidade das obras realizadas em Nova Alvorada do Sul"},"content":{"rendered":"\n<p>&#8220;Orgulho em fazer parte desse trabalho dedicado \u00e0 qualidade de vida e ao desenvolvimento do nosso munic\u00edpio&#8221;. Ressalta Jos\u00e9 Paulo Paleari, prefeito de Nova Alvorada do Sul.<\/p>\n\n\n\n<p><\/p>\n","protected":false},"excerpt":{"rendered":"<p>&#8220;Orgulho em fazer parte desse trabalho dedicado \u00e0 qualidade de vida e ao desenvolvimento do nosso munic\u00edpio&#8221;. Ressalta Jos\u00e9 Paulo<\/p>\n","protected":false},"author":1,"featured_media":6871,"comment_status":"open","ping_status":"open","sticky":false,"template":"","format":"standard","meta":{"footnotes":""},"categories":[2],"tags":[],"class_list":["post-6870","post","type-post","status-publish","format-standard","has-post-thumbnail","hentry","category-noticias"],"_links":{"self":[{"href":"https:\/\/jornaloalvorada.com.br\/site\/wp-json\/wp\/v2\/posts\/6870","targetHints":{"allow":["GET"]}}],"collection":[{"href":"https:\/\/jornaloalvorada.com.br\/site\/wp-json\/wp\/v2\/posts"}],"about":[{"href":"https:\/\/jornaloalvorada.com.br\/site\/wp-json\/wp\/v2\/types\/post"}],"author":[{"embeddable":true,"href":"https:\/\/jornaloalvorada.com.br\/site\/wp-json\/wp\/v2\/users\/1"}],"replies":[{"embeddable":true,"href":"https:\/\/jornaloalvorada.com.br\/site\/wp-json\/wp\/v2\/comments?post=6870"}],"version-history":[{"count":1,"href":"https:\/\/jornaloalvorada.com.br\/site\/wp-json\/wp\/v2\/posts\/6870\/revisions"}],"predecessor-version":[{"id":6872,"href":"https:\/\/jornaloalvorada.com.br\/site\/wp-json\/wp\/v2\/posts\/6870\/revisions\/6872"}],"wp:featuredmedia":[{"embeddable":true,"href":"https:\/\/jornaloalvorada.com.br\/site\/wp-json\/wp\/v2\/media\/6871"}],"wp:attachment":[{"href":"https:\/\/jornaloalvorada.com.br\/site\/wp-json\/wp\/v2\/media?parent=6870"}],"wp:term":[{"taxonomy":"category","embeddable":true,"href":"https:\/\/jornaloalvorada.com.br\/site\/wp-json\/wp\/v2\/categories?post=6870"},{"taxonomy":"post_tag","embeddable":true,"href":"https:\/\/jornaloalvorada.com.br\/site\/wp-json\/wp\/v2\/tags?post=6870"}],"curies":[{"name":"wp","href":"https:\/\/api.w.org\/{rel}","templated":true}]}}