{"id":6864,"date":"2024-07-19T15:01:21","date_gmt":"2024-07-19T19:01:21","guid":{"rendered":"https:\/\/jornaloalvorada.com.br\/site\/?p=6864"},"modified":"2024-07-19T15:01:22","modified_gmt":"2024-07-19T19:01:22","slug":"equipe-economica-afirma-que-pretende-implementar-cortes-em-todos-os-ministerios","status":"publish","type":"post","link":"https:\/\/jornaloalvorada.com.br\/site\/2024\/07\/19\/equipe-economica-afirma-que-pretende-implementar-cortes-em-todos-os-ministerios\/","title":{"rendered":"Equipe econ\u00f4mica afirma que pretende implementar cortes em todos os minist\u00e9rios."},"content":{"rendered":"\n<p>Interlocutores da equipe econ\u00f4mica relataram \u00e0 CNN terem sa\u00eddo da reuni\u00e3o ocorrida na tarde de quinta-feira (18) com aval do presidente Lula para cortar despesas em todos os minist\u00e9rios.<\/p>\n\n\n\n<p>Nesse sentido, n\u00e3o haveria restri\u00e7\u00f5es a pastas sociais como educa\u00e7\u00e3o e sa\u00fade, tampouco a Defesa, cujo ministro, Jos\u00e9 M\u00facio Monteiro, deu declara\u00e7\u00f5es recentes dizendo ter garantia de que sua pasta n\u00e3o seria afetada.<\/p>\n\n\n\n<p>Assim, de hoje at\u00e9 segunda-feira (22), o trabalho da equipe econ\u00f4mica ser\u00e1 analisar o or\u00e7amento de todas as pastas para anunciar onde ocorrer\u00e3o os cortes.<\/p>\n\n\n\n<p>O pedido do presidente foi apenas de que as pastas com menor or\u00e7amento n\u00e3o sejam sacrificadas com grandes cortes e que pol\u00edticas p\u00fablicas relevantes sejam preservadas.<\/p>\n\n\n\n<p>A estimativa \u00e9 de que o relat\u00f3rio bimestral de receitas e despesas a ser apresentado na segunda-feira tenha uma estimativa de d\u00e9ficit superior a R$ 32 bilh\u00f5es.<\/p>\n\n\n\n<p><strong>Caio Junqueira \u2013 CNN Brasil<\/strong><\/p>\n","protected":false},"excerpt":{"rendered":"<p>Interlocutores da equipe econ\u00f4mica relataram \u00e0 CNN terem sa\u00eddo da reuni\u00e3o ocorrida na tarde de quinta-feira (18) com aval do<\/p>\n","protected":false},"author":1,"featured_media":6865,"comment_status":"open","ping_status":"open","sticky":false,"template":"","format":"standard","meta":{"footnotes":""},"categories":[2],"tags":[],"class_list":["post-6864","post","type-post","status-publish","format-standard","has-post-thumbnail","hentry","category-noticias"],"_links":{"self":[{"href":"https:\/\/jornaloalvorada.com.br\/site\/wp-json\/wp\/v2\/posts\/6864","targetHints":{"allow":["GET"]}}],"collection":[{"href":"https:\/\/jornaloalvorada.com.br\/site\/wp-json\/wp\/v2\/posts"}],"about":[{"href":"https:\/\/jornaloalvorada.com.br\/site\/wp-json\/wp\/v2\/types\/post"}],"author":[{"embeddable":true,"href":"https:\/\/jornaloalvorada.com.br\/site\/wp-json\/wp\/v2\/users\/1"}],"replies":[{"embeddable":true,"href":"https:\/\/jornaloalvorada.com.br\/site\/wp-json\/wp\/v2\/comments?post=6864"}],"version-history":[{"count":1,"href":"https:\/\/jornaloalvorada.com.br\/site\/wp-json\/wp\/v2\/posts\/6864\/revisions"}],"predecessor-version":[{"id":6866,"href":"https:\/\/jornaloalvorada.com.br\/site\/wp-json\/wp\/v2\/posts\/6864\/revisions\/6866"}],"wp:featuredmedia":[{"embeddable":true,"href":"https:\/\/jornaloalvorada.com.br\/site\/wp-json\/wp\/v2\/media\/6865"}],"wp:attachment":[{"href":"https:\/\/jornaloalvorada.com.br\/site\/wp-json\/wp\/v2\/media?parent=6864"}],"wp:term":[{"taxonomy":"category","embeddable":true,"href":"https:\/\/jornaloalvorada.com.br\/site\/wp-json\/wp\/v2\/categories?post=6864"},{"taxonomy":"post_tag","embeddable":true,"href":"https:\/\/jornaloalvorada.com.br\/site\/wp-json\/wp\/v2\/tags?post=6864"}],"curies":[{"name":"wp","href":"https:\/\/api.w.org\/{rel}","templated":true}]}}