{"id":6862,"date":"2024-07-19T14:59:55","date_gmt":"2024-07-19T18:59:55","guid":{"rendered":"https:\/\/jornaloalvorada.com.br\/site\/?p=6862"},"modified":"2024-07-19T14:59:58","modified_gmt":"2024-07-19T18:59:58","slug":"esquema-de-fraude-no-inss-associacao-desvia-milhoes-de-beneficios-de-aposentados-saiba-mais","status":"publish","type":"post","link":"https:\/\/jornaloalvorada.com.br\/site\/2024\/07\/19\/esquema-de-fraude-no-inss-associacao-desvia-milhoes-de-beneficios-de-aposentados-saiba-mais\/","title":{"rendered":"Esquema de fraude no INSS: associa\u00e7\u00e3o desvia milh\u00f5es de benef\u00edcios de aposentados; Saiba Mais!"},"content":{"rendered":"\n<p>A manh\u00e3 de ter\u00e7a-feira revelou uma cena bastante movimentada na \u00e1rea da Vila Ol\u00edmpia, em S\u00e3o Paulo, onde a Associa\u00e7\u00e3o dos Aposentados Mutualistas para Benef\u00edcios Coletivos (Ambec) se tornou o foco de uma extensa opera\u00e7\u00e3o de busca e apreens\u00e3o. A a\u00e7\u00e3o, executada pela Pol\u00edcia Civil, faz parte de uma investiga\u00e7\u00e3o sobre alega\u00e7\u00f5es de estelionato que t\u00eam preocupado centenas de aposentados associados ao INSS.<\/p>\n\n\n\n<p>Ambec, que surgiu com um modesto n\u00famero de apenas tr\u00eas membros inicias, viu seu n\u00famero de associados disparar inesperadamente para 653 mil entre os anos de 2023 e 2024, o que por si s\u00f3 j\u00e1 levantou suspeitas. Essa s\u00fabita explos\u00e3o de crescimento originou tamb\u00e9m um formid\u00e1vel volume de receita, com a entidade arrecadando impressionantes R$ 30 milh\u00f5es mensalmente atrav\u00e9s de descontos nos benef\u00edcios dos aposentados.<\/p>\n\n\n\n<h2 class=\"wp-block-heading\">O que levou \u00e0 opera\u00e7\u00e3o na Ambec?<\/h2>\n\n\n\n<p>A principal suspeita aponta que a Ambec pode ter utilizado m\u00e9todos n\u00e3o convencionais para catapultar seu crescimento e receitas. Relatos de aposentados, que se encontraram involuntariamente ligados \u00e0 associa\u00e7\u00e3o e consequentemente sujeitos a descontos cont\u00ednuos em seus benef\u00edcios, s\u00e3o a pe\u00e7a central desta investiga\u00e7\u00e3o. A entidade, supostamente, firmou um acordo de coopera\u00e7\u00e3o t\u00e9cnica com o INSS em 2021, o que lhe permitiu realizar esses descontos diretamente na folha de pagamento dos aposentados.<\/p>\n\n\n\n<h2 class=\"wp-block-heading\">Como a Ambec respondeu \u00e0s acusa\u00e7\u00f5es?<\/h2>\n\n\n\n<p>Em meio \u00e0s crescentes reclama\u00e7\u00f5es e processos judiciais, que j\u00e1 somam mais de 14 mil, a Ambec defende sua integridade, negando as acusa\u00e7\u00f5es de ades\u00f5es for\u00e7adas ou filia\u00e7\u00f5es fraudulentas. A associa\u00e7\u00e3o afirma ter prestado todos os esclarecimentos necess\u00e1rios \u00e0s autoridades e contesta a exist\u00eancia de qualquer ato il\u00edcito nas suas opera\u00e7\u00f5es. Contudo, a justi\u00e7a tem condenado a entidade a reembolsar e indenizar v\u00e1rios aposentados, criticando a falta de provas que confirmem a concord\u00e2ncia dos idosos com os termos de filia\u00e7\u00e3o.<\/p>\n\n\n\n<h2 class=\"wp-block-heading\">O que acontece agora com a Ambec?<\/h2>\n\n\n\n<p>A investiga\u00e7\u00e3o permanece em curso com a possibilidade de novas revela\u00e7\u00f5es e medidas sendo tomadas pela Pol\u00edcia Civil e outros \u00f3rg\u00e3os de controle como o Tribunal de Contas da Uni\u00e3o (TCU) e a Controladoria-Geral da Uni\u00e3o (CGU). O esc\u00e2ndalo tamb\u00e9m motivou mudan\u00e7as significativas no INSS, incluindo a exonera\u00e7\u00e3o do diretor respons\u00e1vel pelos acordos de coopera\u00e7\u00e3o. Essas mudan\u00e7as refletem o esfor\u00e7o cont\u00ednuo para garantir a transpar\u00eancia e a prote\u00e7\u00e3o dos direitos dos aposentados brasileiros.<\/p>\n\n\n\n<p>Enquanto a Ambec luta para limpar seu nome, muitos est\u00e3o de olho para ver como esse complexo caso ir\u00e1 se desdobrar e quais ser\u00e3o as repara\u00e7\u00f5es destinadas aos aposentados afetados. Por agora, o epis\u00f3dio serve como um lembrete rigoroso sobre a necessidade de vigil\u00e2ncia e supervis\u00e3o constantes em organiza\u00e7\u00f5es que lidam diretamente com as finan\u00e7as de p\u00fablicos vulner\u00e1veis.<\/p>\n\n\n\n<p><strong><em>Fonte: Terra Brasil Not\u00edcias<\/em><\/strong><\/p>\n","protected":false},"excerpt":{"rendered":"<p>A manh\u00e3 de ter\u00e7a-feira revelou uma cena bastante movimentada na \u00e1rea da Vila Ol\u00edmpia, em S\u00e3o Paulo, onde a Associa\u00e7\u00e3o<\/p>\n","protected":false},"author":1,"featured_media":3009,"comment_status":"open","ping_status":"open","sticky":false,"template":"","format":"standard","meta":{"footnotes":""},"categories":[2],"tags":[],"class_list":["post-6862","post","type-post","status-publish","format-standard","has-post-thumbnail","hentry","category-noticias"],"_links":{"self":[{"href":"https:\/\/jornaloalvorada.com.br\/site\/wp-json\/wp\/v2\/posts\/6862","targetHints":{"allow":["GET"]}}],"collection":[{"href":"https:\/\/jornaloalvorada.com.br\/site\/wp-json\/wp\/v2\/posts"}],"about":[{"href":"https:\/\/jornaloalvorada.com.br\/site\/wp-json\/wp\/v2\/types\/post"}],"author":[{"embeddable":true,"href":"https:\/\/jornaloalvorada.com.br\/site\/wp-json\/wp\/v2\/users\/1"}],"replies":[{"embeddable":true,"href":"https:\/\/jornaloalvorada.com.br\/site\/wp-json\/wp\/v2\/comments?post=6862"}],"version-history":[{"count":1,"href":"https:\/\/jornaloalvorada.com.br\/site\/wp-json\/wp\/v2\/posts\/6862\/revisions"}],"predecessor-version":[{"id":6863,"href":"https:\/\/jornaloalvorada.com.br\/site\/wp-json\/wp\/v2\/posts\/6862\/revisions\/6863"}],"wp:featuredmedia":[{"embeddable":true,"href":"https:\/\/jornaloalvorada.com.br\/site\/wp-json\/wp\/v2\/media\/3009"}],"wp:attachment":[{"href":"https:\/\/jornaloalvorada.com.br\/site\/wp-json\/wp\/v2\/media?parent=6862"}],"wp:term":[{"taxonomy":"category","embeddable":true,"href":"https:\/\/jornaloalvorada.com.br\/site\/wp-json\/wp\/v2\/categories?post=6862"},{"taxonomy":"post_tag","embeddable":true,"href":"https:\/\/jornaloalvorada.com.br\/site\/wp-json\/wp\/v2\/tags?post=6862"}],"curies":[{"name":"wp","href":"https:\/\/api.w.org\/{rel}","templated":true}]}}