{"id":6844,"date":"2024-07-18T14:30:35","date_gmt":"2024-07-18T18:30:35","guid":{"rendered":"https:\/\/jornaloalvorada.com.br\/site\/?p=6844"},"modified":"2024-07-18T14:30:37","modified_gmt":"2024-07-18T18:30:37","slug":"urgente-justica-manda-prender-ex-diretor-da-petrobras-renato-duque","status":"publish","type":"post","link":"https:\/\/jornaloalvorada.com.br\/site\/2024\/07\/18\/urgente-justica-manda-prender-ex-diretor-da-petrobras-renato-duque\/","title":{"rendered":"URGENTE: Justi\u00e7a manda prender ex-diretor da Petrobras, Renato Duque"},"content":{"rendered":"\n<p>Em um recente desenvolvimento no complexo cen\u00e1rio de combate \u00e0 corrup\u00e7\u00e3o no Brasil, Renato Duque, ex-diretor de Servi\u00e7os da Petrobras, foi novamente colocado sob os holofotes da justi\u00e7a. Duque, que j\u00e1 enfrenta severas penalidades, foi alvo de uma nova ordem de pris\u00e3o relacionada a inqu\u00e9ritos da Opera\u00e7\u00e3o Lava Jato, determinada nesta quinta-feira (18).<\/p>\n\n\n\n<p>A decis\u00e3o, emanada pela Justi\u00e7a Federal de Curitiba, reflete a continuidade dos esfor\u00e7os para desmantelar esquemas de corrup\u00e7\u00e3o envolvendo grandes corpora\u00e7\u00f5es estatais brasileiras. Duque, ex-executivo da Petrobras, teve confirmadas suas penas que atingem quase um s\u00e9culo de reclus\u00e3o, mais precisamente 98 anos, 11 meses e 25 dias, por seu envolvimento em atividades criminosas ligadas \u00e0 corrup\u00e7\u00e3o e lavagem de dinheiro.<\/p>\n\n\n\n<figure class=\"wp-block-image\"><img decoding=\"async\" src=\"https:\/\/terrabrasilnoticias.com\/wp-content\/uploads\/2024\/07\/image-570.png\" alt=\"URGENTE: Justi\u00e7a manda prender ex-diretor da Petrobras\"\/><figcaption class=\"wp-element-caption\">Marcelo Camargo\/Ag\u00eancia Brasil<\/figcaption><\/figure>\n\n\n\n<h2 class=\"wp-block-heading\">Por que Renato Duque foi condenado na Justi\u00e7a?<\/h2>\n\n\n\n<p>O cerne da condena\u00e7\u00e3o de Duque se deve ao recebimento de propina em um esquema operacionalizado junto a empres\u00e1rios. A propina foi estimada em cerca de 2 milh\u00f5es de d\u00f3lares, uma quantia consider\u00e1vel que foi camuflada atrav\u00e9s de aquisi\u00e7\u00f5es imobili\u00e1rias e compras de obras de arte. Esses bens, registrados em nome do ex-diretor, foram posteriormente apreendidos em uma a\u00e7\u00e3o da Pol\u00edcia Federal.<\/p>\n\n\n\n<h2 class=\"wp-block-heading\">O que aconteceu com os bens apreendidos de Duque?<\/h2>\n\n\n\n<p>As investiga\u00e7\u00f5es levaram \u00e0 apreens\u00e3o de v\u00e1rios itens de alto valor adquiridos por Duque como parte do pagamento de propinas. Entre esses, destacam-se obras de arte e propriedades imobili\u00e1rias, que foram confiscadas com o objetivo de compensar parte dos danos causados ao patrim\u00f4nio p\u00fablico e desarticular o esquema de lavagem de dinheiro.<\/p>\n\n\n\n<h2 class=\"wp-block-heading\">Detalhes da pris\u00e3o e medidas cautelares impostas<\/h2>\n\n\n\n<p>Ao ser condenado em 2018 pela 13\u00aa Vara Federal de Curitiba, a defesa de Duque apelou \u00e0 inst\u00e2ncia superior buscando uma revis\u00e3o da dosimetria da pena. Em mar\u00e7o de 2020, Duque conseguiu ser solto, mas sob rigorosas medidas cautelares, incluindo o uso obrigat\u00f3rio de tornozeleira eletr\u00f4nica.<\/p>\n\n\n\n<p><strong><em>Fonte: Ag\u00eancia Brasil<\/em><\/strong><\/p>\n","protected":false},"excerpt":{"rendered":"<p>Em um recente desenvolvimento no complexo cen\u00e1rio de combate \u00e0 corrup\u00e7\u00e3o no Brasil, Renato Duque, ex-diretor de Servi\u00e7os da Petrobras,<\/p>\n","protected":false},"author":1,"featured_media":6845,"comment_status":"open","ping_status":"open","sticky":false,"template":"","format":"standard","meta":{"footnotes":""},"categories":[2],"tags":[],"class_list":["post-6844","post","type-post","status-publish","format-standard","has-post-thumbnail","hentry","category-noticias"],"_links":{"self":[{"href":"https:\/\/jornaloalvorada.com.br\/site\/wp-json\/wp\/v2\/posts\/6844","targetHints":{"allow":["GET"]}}],"collection":[{"href":"https:\/\/jornaloalvorada.com.br\/site\/wp-json\/wp\/v2\/posts"}],"about":[{"href":"https:\/\/jornaloalvorada.com.br\/site\/wp-json\/wp\/v2\/types\/post"}],"author":[{"embeddable":true,"href":"https:\/\/jornaloalvorada.com.br\/site\/wp-json\/wp\/v2\/users\/1"}],"replies":[{"embeddable":true,"href":"https:\/\/jornaloalvorada.com.br\/site\/wp-json\/wp\/v2\/comments?post=6844"}],"version-history":[{"count":1,"href":"https:\/\/jornaloalvorada.com.br\/site\/wp-json\/wp\/v2\/posts\/6844\/revisions"}],"predecessor-version":[{"id":6846,"href":"https:\/\/jornaloalvorada.com.br\/site\/wp-json\/wp\/v2\/posts\/6844\/revisions\/6846"}],"wp:featuredmedia":[{"embeddable":true,"href":"https:\/\/jornaloalvorada.com.br\/site\/wp-json\/wp\/v2\/media\/6845"}],"wp:attachment":[{"href":"https:\/\/jornaloalvorada.com.br\/site\/wp-json\/wp\/v2\/media?parent=6844"}],"wp:term":[{"taxonomy":"category","embeddable":true,"href":"https:\/\/jornaloalvorada.com.br\/site\/wp-json\/wp\/v2\/categories?post=6844"},{"taxonomy":"post_tag","embeddable":true,"href":"https:\/\/jornaloalvorada.com.br\/site\/wp-json\/wp\/v2\/tags?post=6844"}],"curies":[{"name":"wp","href":"https:\/\/api.w.org\/{rel}","templated":true}]}}