{"id":6824,"date":"2024-07-18T09:28:05","date_gmt":"2024-07-18T13:28:05","guid":{"rendered":"https:\/\/jornaloalvorada.com.br\/site\/?p=6824"},"modified":"2024-07-18T09:28:07","modified_gmt":"2024-07-18T13:28:07","slug":"grave-acidente-de-onibus-vitima-pelo-menos-29-pessoas-no-peru","status":"publish","type":"post","link":"https:\/\/jornaloalvorada.com.br\/site\/2024\/07\/18\/grave-acidente-de-onibus-vitima-pelo-menos-29-pessoas-no-peru\/","title":{"rendered":"Grave acidente de \u00f4nibus vitima pelo menos 29 pessoas no Peru"},"content":{"rendered":"\n<p>Na \u00faltima ter\u00e7a-feira, um grave acidente chocou o Peru e ganhou destaque nas principais manchetes do pa\u00eds. Um \u00f4nibus sofreu uma queda de aproximadamente 200 metros ap\u00f3s sair da pista na rodovia Los Libertadores, na regi\u00e3o montanhosa de Ayacucho, resultando na morte de 29 passageiros e deixando outros 13 gravemente feridos.<\/p>\n\n\n\n<p>O \u00f4nibus, pertencente \u00e0 empresa Turismo Molina Union SAC, estava em um trecho conhecido por sua complexidade e perigosidade. A Superintend\u00eancia de Transporte Terrestre do Peru (SUTRAN) j\u00e1 iniciou uma investiga\u00e7\u00e3o para determinar as causas exatas do acidente. Enquanto isso, as equipes de resgate continuam trabalhando intensamente no local para oferecer os primeiros socorros e transportar os feridos para o hospital mais pr\u00f3ximo.<\/p>\n\n\n\n<h2 class=\"wp-block-heading\">Como ocorreu o acidente em Ayacucho?<\/h2>\n\n\n\n<p>Segundo informa\u00e7\u00f5es de Jhonny Rolando Valderrama, chefe da Divis\u00e3o de Prote\u00e7\u00e3o Rodovi\u00e1ria, o ve\u00edculo derrapou e capotou enquanto trafegava pela rodovia. O meio de transporte caiu direto de um penhasco, o que agravou significativamente o n\u00famero de v\u00edtimas e a extens\u00e3o dos danos.<\/p>\n\n\n\n<h2 class=\"wp-block-heading\">Por que os acidentes s\u00e3o frequentes em estradas peruanas?<\/h2>\n\n\n\n<p>O Peru tem um hist\u00f3rico preocupante de acidentes de tr\u00e2nsito, especialmente envolvendo \u00f4nibus em regi\u00f5es montanhosas. As estradas, muitas vezes prec\u00e1rias e sem a manuten\u00e7\u00e3o adequada, aliadas \u00e0 falta de preparo dos motoristas, contribuem significativamente para o alto \u00edndice de acidentes mortais. A dif\u00edcil topografia do pa\u00eds e a falta de investimentos em infraestrutura de transporte s\u00e3o barreiras constantes \u00e0 seguran\u00e7a vi\u00e1ria.<\/p>\n\n\n\n<h3 class=\"wp-block-heading\">Resposta das autoridades<\/h3>\n\n\n\n<p>O Ministro do Interior do Peru expressou sua preocupa\u00e7\u00e3o com a repeti\u00e7\u00e3o desses trag\u00e9dicos eventos e prometeu medidas mais rigorosas para melhorar a seguran\u00e7a nas estradas do pa\u00eds.<\/p>\n\n\n\n<h2 class=\"wp-block-heading\">Medidas para preven\u00e7\u00e3o de acidentes<\/h2>\n\n\n\n<p>As comunidades locais e especialistas em tr\u00e1fego tamb\u00e9m s\u00e3o convidados a participar das discuss\u00f5es e planejamento para uma rede vi\u00e1ria mais segura. Enquanto isso, a SUTRan est\u00e1 focada em entender todos os fatores que contribu\u00edram para este fatal acidente, buscando evitar que trag\u00e9dias semelhantes se repitam no futuro. O Peru, com sua geografia desafiadora, precisa agora, mais do que nunca, de solu\u00e7\u00f5es eficazes e duradouras para proteger seus cidad\u00e3os.<\/p>\n\n\n\n<p><strong><em>Fonte: Terra Brasil Not\u00edcias<\/em><\/strong><\/p>\n","protected":false},"excerpt":{"rendered":"<p>Na \u00faltima ter\u00e7a-feira, um grave acidente chocou o Peru e ganhou destaque nas principais manchetes do pa\u00eds. Um \u00f4nibus sofreu<\/p>\n","protected":false},"author":1,"featured_media":6825,"comment_status":"open","ping_status":"open","sticky":false,"template":"","format":"standard","meta":{"footnotes":""},"categories":[2],"tags":[],"class_list":["post-6824","post","type-post","status-publish","format-standard","has-post-thumbnail","hentry","category-noticias"],"_links":{"self":[{"href":"https:\/\/jornaloalvorada.com.br\/site\/wp-json\/wp\/v2\/posts\/6824","targetHints":{"allow":["GET"]}}],"collection":[{"href":"https:\/\/jornaloalvorada.com.br\/site\/wp-json\/wp\/v2\/posts"}],"about":[{"href":"https:\/\/jornaloalvorada.com.br\/site\/wp-json\/wp\/v2\/types\/post"}],"author":[{"embeddable":true,"href":"https:\/\/jornaloalvorada.com.br\/site\/wp-json\/wp\/v2\/users\/1"}],"replies":[{"embeddable":true,"href":"https:\/\/jornaloalvorada.com.br\/site\/wp-json\/wp\/v2\/comments?post=6824"}],"version-history":[{"count":1,"href":"https:\/\/jornaloalvorada.com.br\/site\/wp-json\/wp\/v2\/posts\/6824\/revisions"}],"predecessor-version":[{"id":6826,"href":"https:\/\/jornaloalvorada.com.br\/site\/wp-json\/wp\/v2\/posts\/6824\/revisions\/6826"}],"wp:featuredmedia":[{"embeddable":true,"href":"https:\/\/jornaloalvorada.com.br\/site\/wp-json\/wp\/v2\/media\/6825"}],"wp:attachment":[{"href":"https:\/\/jornaloalvorada.com.br\/site\/wp-json\/wp\/v2\/media?parent=6824"}],"wp:term":[{"taxonomy":"category","embeddable":true,"href":"https:\/\/jornaloalvorada.com.br\/site\/wp-json\/wp\/v2\/categories?post=6824"},{"taxonomy":"post_tag","embeddable":true,"href":"https:\/\/jornaloalvorada.com.br\/site\/wp-json\/wp\/v2\/tags?post=6824"}],"curies":[{"name":"wp","href":"https:\/\/api.w.org\/{rel}","templated":true}]}}