{"id":6821,"date":"2024-07-18T09:25:53","date_gmt":"2024-07-18T13:25:53","guid":{"rendered":"https:\/\/jornaloalvorada.com.br\/site\/?p=6821"},"modified":"2024-07-18T09:25:56","modified_gmt":"2024-07-18T13:25:56","slug":"prefeito-paleari-deseja-boa-sorte-aos-atletas-da-equipe-delariva-jiu-jitsu-nas-em-mundial-no-rio-de-janeiro","status":"publish","type":"post","link":"https:\/\/jornaloalvorada.com.br\/site\/2024\/07\/18\/prefeito-paleari-deseja-boa-sorte-aos-atletas-da-equipe-delariva-jiu-jitsu-nas-em-mundial-no-rio-de-janeiro\/","title":{"rendered":"Prefeito Paleari deseja boa sorte aos atletas da Equipe DELARIVA JIU-JITSU NAS em mundial no Rio de Janeiro"},"content":{"rendered":"\n<p>Hoje eu quero desejar uma boa sorte aos atletas da Equipe DELARIVA JIU-JITSU NAS e membros da sele\u00e7\u00e3o de jiu-jitsu do MS, que est\u00e3o embarcando para disputar e representar nosso estado e munic\u00edpio no campeonato mundial de jiu-jitsu CBJJD no Rio de Janeiro.<\/p>\n\n\n\n<p>Boa sorte galera!!!<\/p>\n","protected":false},"excerpt":{"rendered":"<p>Hoje eu quero desejar uma boa sorte aos atletas da Equipe DELARIVA JIU-JITSU NAS e membros da sele\u00e7\u00e3o de jiu-jitsu<\/p>\n","protected":false},"author":1,"featured_media":6822,"comment_status":"open","ping_status":"open","sticky":false,"template":"","format":"standard","meta":{"footnotes":""},"categories":[2],"tags":[],"class_list":["post-6821","post","type-post","status-publish","format-standard","has-post-thumbnail","hentry","category-noticias"],"_links":{"self":[{"href":"https:\/\/jornaloalvorada.com.br\/site\/wp-json\/wp\/v2\/posts\/6821","targetHints":{"allow":["GET"]}}],"collection":[{"href":"https:\/\/jornaloalvorada.com.br\/site\/wp-json\/wp\/v2\/posts"}],"about":[{"href":"https:\/\/jornaloalvorada.com.br\/site\/wp-json\/wp\/v2\/types\/post"}],"author":[{"embeddable":true,"href":"https:\/\/jornaloalvorada.com.br\/site\/wp-json\/wp\/v2\/users\/1"}],"replies":[{"embeddable":true,"href":"https:\/\/jornaloalvorada.com.br\/site\/wp-json\/wp\/v2\/comments?post=6821"}],"version-history":[{"count":1,"href":"https:\/\/jornaloalvorada.com.br\/site\/wp-json\/wp\/v2\/posts\/6821\/revisions"}],"predecessor-version":[{"id":6823,"href":"https:\/\/jornaloalvorada.com.br\/site\/wp-json\/wp\/v2\/posts\/6821\/revisions\/6823"}],"wp:featuredmedia":[{"embeddable":true,"href":"https:\/\/jornaloalvorada.com.br\/site\/wp-json\/wp\/v2\/media\/6822"}],"wp:attachment":[{"href":"https:\/\/jornaloalvorada.com.br\/site\/wp-json\/wp\/v2\/media?parent=6821"}],"wp:term":[{"taxonomy":"category","embeddable":true,"href":"https:\/\/jornaloalvorada.com.br\/site\/wp-json\/wp\/v2\/categories?post=6821"},{"taxonomy":"post_tag","embeddable":true,"href":"https:\/\/jornaloalvorada.com.br\/site\/wp-json\/wp\/v2\/tags?post=6821"}],"curies":[{"name":"wp","href":"https:\/\/api.w.org\/{rel}","templated":true}]}}