{"id":6816,"date":"2024-07-17T15:04:33","date_gmt":"2024-07-17T19:04:33","guid":{"rendered":"https:\/\/jornaloalvorada.com.br\/site\/?p=6816"},"modified":"2024-07-17T15:04:41","modified_gmt":"2024-07-17T19:04:41","slug":"homem-e-condenado-na-espanha-por-ataques-racistas-a-vini-jr-e-rudiger","status":"publish","type":"post","link":"https:\/\/jornaloalvorada.com.br\/site\/2024\/07\/17\/homem-e-condenado-na-espanha-por-ataques-racistas-a-vini-jr-e-rudiger\/","title":{"rendered":"Homem \u00e9 condenado na Espanha por ataques racistas a Vini Jr e R\u00fcdiger"},"content":{"rendered":"\n<p>O Real Madrid divulgou nesta quarta-feira (17) que um homem foi condenado pela Justi\u00e7a da Espanha a oito meses de pris\u00e3o por racismo, ap\u00f3s ter proferido insultos na internet contra o atacante brasileiro Vinicius J\u00fanior e o zagueiro alem\u00e3o Antonio R\u00fcdiger. De acordo com o clube, a senten\u00e7a do Tribunal de Instru\u00e7\u00e3o n\u00famero 5 de Parla, afirma que o acusado &#8211; cuja identidade n\u00e3o foi revelada \u2013 adotou v\u00e1rios pseud\u00f4nimos para fazer os ataques racistas e insultos contra Vini e R\u00fcdiger no f\u00f3rum da edi\u00e7\u00e3o digital do jornal Marca. Esta \u00e9 a segunda condena\u00e7\u00e3o por racismo na Espanha.<\/p>\n\n\n\n<blockquote class=\"wp-block-quote is-layout-flow wp-block-quote-is-layout-flow\">\n<p>\u201cO acusado foi considerado culpado, especificamente, de dois crimes contra a integridade moral cometidos contra Vinicius Junior e Antonio R\u00fcdiger, ambos agravados por terem agido com motiva\u00e7\u00f5es racistas e, no caso de Antonio R\u00fcdiger, tamb\u00e9m desprezando sua religi\u00e3o\u201d, diz um trecho da <a href=\"https:\/\/www.realmadrid.com\/es-ES\/noticias\/club\/comunicados\/comunicado-oficial-17-07-2024-sentencia-insultos-racistas\"><strong>nota oficial<\/strong><\/a> publicada pelo Real Madrid.<\/p>\n<\/blockquote>\n\n\n\n<figure class=\"wp-block-image\"><img decoding=\"async\" src=\"https:\/\/imagens.ebc.com.br\/y7QEWwLf_JLM_ibNgDDxjPURjmc=\/754x0\/smart\/https:\/\/agenciabrasil.ebc.com.br\/sites\/default\/files\/thumbnails\/image\/2024\/07\/17\/rudiger_real_madrid_zagueiro.jpg?itok=WuU5R8nE\" alt=\"Soccer Football - Euro 2024 - Round of 16 - Germany v Denmark - Dortmund BVB Stadion, Dortmund, Germany - June 29, 2024 Germany's Antonio Rudiger reacts before Germany are awarded a penalty kick following a VAR review REUTERS\/Thilo Schmuelgen\" title=\"Reuters\/Thilo Schmuelgen\/Direitos Reservados\"\/><\/figure>\n\n\n\n<p>Zagueiro alem\u00e3o Antonio R\u00fcdiger foi alvo de ataques racistas na internet, junto com o brasileiro Vini Jr., protagonizado pelo homem condenado a oito meses de pris\u00e3o por racismo&nbsp;&#8211; <strong>Reuters\/Thilo Schmuelgen\/Proibida reprodu\u00e7\u00e3o<\/strong><\/p>\n\n\n\n<p>Al\u00e9m da pris\u00e3o, o Tribunal proibiu o condenado de participar do f\u00f3rum do jornal por 20 meses. De acordo com a senten\u00e7a, \u201ca suspens\u00e3o da pena de pris\u00e3o ficou sujeita \u00e0 participa\u00e7\u00e3o do acusado em um programa de igualdade de tratamento e n\u00e3o discrimina\u00e7\u00e3o\u201d.<\/p>\n\n\n\n<p><a href=\"https:\/\/agenciabrasil.ebc.com.br\/internacional\/noticia\/2024-06\/espanha-condena-tres-prisao-por-insultos-racistas-contra-vini-jr\"><strong>A primeira condena\u00e7\u00e3o por racismo na Espanha ocorreu no m\u00eas passado, <\/strong><\/a>referente ao ataque racista contra Vini Jr no est\u00e1dio Mestalla em maio de 2023, quando o brasileiro foi xingado de \u201cmacaco\u201d durante o confronto entre Real e Val\u00eancia. A Justi\u00e7a condenou tr\u00eas torcedores do Val\u00eancia a oito meses de pris\u00e3o, a pagamento de multas e tamb\u00e9m os proibiu de frequentar est\u00e1dio de futebol por dois anos.<\/p>\n\n\n\n<p><strong><em>Fonte: Ag\u00eancia Brasil<\/em><\/strong><\/p>\n","protected":false},"excerpt":{"rendered":"<p>O Real Madrid divulgou nesta quarta-feira (17) que um homem foi condenado pela Justi\u00e7a da Espanha a oito meses de<\/p>\n","protected":false},"author":1,"featured_media":6817,"comment_status":"open","ping_status":"open","sticky":false,"template":"","format":"standard","meta":{"footnotes":""},"categories":[2],"tags":[],"class_list":["post-6816","post","type-post","status-publish","format-standard","has-post-thumbnail","hentry","category-noticias"],"_links":{"self":[{"href":"https:\/\/jornaloalvorada.com.br\/site\/wp-json\/wp\/v2\/posts\/6816","targetHints":{"allow":["GET"]}}],"collection":[{"href":"https:\/\/jornaloalvorada.com.br\/site\/wp-json\/wp\/v2\/posts"}],"about":[{"href":"https:\/\/jornaloalvorada.com.br\/site\/wp-json\/wp\/v2\/types\/post"}],"author":[{"embeddable":true,"href":"https:\/\/jornaloalvorada.com.br\/site\/wp-json\/wp\/v2\/users\/1"}],"replies":[{"embeddable":true,"href":"https:\/\/jornaloalvorada.com.br\/site\/wp-json\/wp\/v2\/comments?post=6816"}],"version-history":[{"count":1,"href":"https:\/\/jornaloalvorada.com.br\/site\/wp-json\/wp\/v2\/posts\/6816\/revisions"}],"predecessor-version":[{"id":6818,"href":"https:\/\/jornaloalvorada.com.br\/site\/wp-json\/wp\/v2\/posts\/6816\/revisions\/6818"}],"wp:featuredmedia":[{"embeddable":true,"href":"https:\/\/jornaloalvorada.com.br\/site\/wp-json\/wp\/v2\/media\/6817"}],"wp:attachment":[{"href":"https:\/\/jornaloalvorada.com.br\/site\/wp-json\/wp\/v2\/media?parent=6816"}],"wp:term":[{"taxonomy":"category","embeddable":true,"href":"https:\/\/jornaloalvorada.com.br\/site\/wp-json\/wp\/v2\/categories?post=6816"},{"taxonomy":"post_tag","embeddable":true,"href":"https:\/\/jornaloalvorada.com.br\/site\/wp-json\/wp\/v2\/tags?post=6816"}],"curies":[{"name":"wp","href":"https:\/\/api.w.org\/{rel}","templated":true}]}}