{"id":6807,"date":"2024-07-17T11:22:52","date_gmt":"2024-07-17T15:22:52","guid":{"rendered":"https:\/\/jornaloalvorada.com.br\/site\/?p=6807"},"modified":"2024-07-17T11:22:55","modified_gmt":"2024-07-17T15:22:55","slug":"heranca-da-pandemia-91-mil-processos-de-primeira-habilitacao-vencem-em-dezembro-no-ms","status":"publish","type":"post","link":"https:\/\/jornaloalvorada.com.br\/site\/2024\/07\/17\/heranca-da-pandemia-91-mil-processos-de-primeira-habilitacao-vencem-em-dezembro-no-ms\/","title":{"rendered":"Heran\u00e7a da pandemia, 91 mil processos de primeira habilita\u00e7\u00e3o vencem em dezembro no MS"},"content":{"rendered":"\n<p>Mato Grosso do Sul ainda tem 91,5 mil processos de primeira habilita\u00e7\u00e3o ativos no Detran-MS (Departamento Estadual de Tr\u00e2nsito de Mato Grosso do Sul). A demanda represada \u00e9 heran\u00e7a da pandemia, pois s\u00e3o processos iniciados entre os anos de 2019 a 2023, com vig\u00eancia prorrogada pelo Contran (Conselho Nacional de Tr\u00e2nsito) at\u00e9 31 de dezembro de 2024.&nbsp;<\/p>\n\n\n\n<p>O processo para forma\u00e7\u00e3o de condutores possui v\u00e1rias etapas, que v\u00e3o desde exames m\u00e9dicos, aulas te\u00f3ricas e pr\u00e1ticas at\u00e9 a realiza\u00e7\u00e3o provas junto ao Detran para se habilitar. Dados da Diretoria de Habilita\u00e7\u00e3o do Detran-MS mostram que existem 22.300 processos na etapa do exame pr\u00e1tico, ou seja, a um passo de conquistar a permiss\u00e3o para dirigir.&nbsp;<\/p>\n\n\n\n<p>\u201cNos \u00faltimos 6 meses n\u00f3s j\u00e1 conseguimos habilitar 11.700 condutores dessa demanda represada. Por enquanto estamos conseguindo atender os agendamentos de forma tranquila, e ainda n\u00e3o houve necessidade de atendimentos extras. Mas nossa orienta\u00e7\u00e3o \u00e9 que os candidatos que est\u00e3o com processo em andamento e que tenham interesse em concluir, procurem o seu CFC, se programem e aproveitem que ainda existe tempo h\u00e1bil para conclus\u00e3o\u201d, refor\u00e7a Lina Zeinab, Gerente de Exames de Habilita\u00e7\u00e3o.&nbsp;<\/p>\n\n\n\n<p>Os roteiros dos exames te\u00f3ricos e pr\u00e1ticos da Capital e do interior do Estado podem ser consultados no site www.detran.ms.gov.br no submenu \u201cRoteiro de Exames\u201d.&nbsp;<\/p>\n\n\n\n<p>A \u00faltima decis\u00e3o do Contran, n\u00e3o contempla os cidad\u00e3os que come\u00e7aram o processo de primeira habilita\u00e7\u00e3o a partir de 1\u00ba de janeiro de 2024. Para estes, o prazo para conclus\u00e3o permanece sendo de 12 meses, a contar da data do protocolo.<\/p>\n\n\n\n<p>Nos seis primeiros meses de 2024 foram emitidas 15.733 CNH&#8217;s decorrentes de processos de primeira habilita\u00e7\u00e3o.&nbsp;<\/p>\n\n\n\n<p><strong>Desist\u00eancia de uma categoria<\/strong><\/p>\n\n\n\n<p>Uma situa\u00e7\u00e3o bastante comum que a Ger\u00eancia de Exames de Habilita\u00e7\u00e3o identifica, \u00e9 de alunos que abriram o processo para tirar CNH nas categorias A e B, \u00e9 aprovado no exame pr\u00e1tico de uma delas, mas por raz\u00f5es variadas, n\u00e3o consegue concluir a outra categoria. Nestes casos, uma alternativa pode ser a desist\u00eancia de categoria que pode ser requerida no Centro de Forma\u00e7\u00e3o de Condutores (CFC) ou protocolada junto ao Detran-MS.<\/p>\n\n\n\n<p><em>Mireli Obando, Comunica\u00e7\u00e3o Detran-MS<br><\/em><em>Foto: Rachid Waqued<\/em><\/p>\n","protected":false},"excerpt":{"rendered":"<p>Mato Grosso do Sul ainda tem 91,5 mil processos de primeira habilita\u00e7\u00e3o ativos no Detran-MS (Departamento Estadual de Tr\u00e2nsito de<\/p>\n","protected":false},"author":1,"featured_media":6808,"comment_status":"open","ping_status":"open","sticky":false,"template":"","format":"standard","meta":{"footnotes":""},"categories":[2],"tags":[],"class_list":["post-6807","post","type-post","status-publish","format-standard","has-post-thumbnail","hentry","category-noticias"],"_links":{"self":[{"href":"https:\/\/jornaloalvorada.com.br\/site\/wp-json\/wp\/v2\/posts\/6807","targetHints":{"allow":["GET"]}}],"collection":[{"href":"https:\/\/jornaloalvorada.com.br\/site\/wp-json\/wp\/v2\/posts"}],"about":[{"href":"https:\/\/jornaloalvorada.com.br\/site\/wp-json\/wp\/v2\/types\/post"}],"author":[{"embeddable":true,"href":"https:\/\/jornaloalvorada.com.br\/site\/wp-json\/wp\/v2\/users\/1"}],"replies":[{"embeddable":true,"href":"https:\/\/jornaloalvorada.com.br\/site\/wp-json\/wp\/v2\/comments?post=6807"}],"version-history":[{"count":1,"href":"https:\/\/jornaloalvorada.com.br\/site\/wp-json\/wp\/v2\/posts\/6807\/revisions"}],"predecessor-version":[{"id":6809,"href":"https:\/\/jornaloalvorada.com.br\/site\/wp-json\/wp\/v2\/posts\/6807\/revisions\/6809"}],"wp:featuredmedia":[{"embeddable":true,"href":"https:\/\/jornaloalvorada.com.br\/site\/wp-json\/wp\/v2\/media\/6808"}],"wp:attachment":[{"href":"https:\/\/jornaloalvorada.com.br\/site\/wp-json\/wp\/v2\/media?parent=6807"}],"wp:term":[{"taxonomy":"category","embeddable":true,"href":"https:\/\/jornaloalvorada.com.br\/site\/wp-json\/wp\/v2\/categories?post=6807"},{"taxonomy":"post_tag","embeddable":true,"href":"https:\/\/jornaloalvorada.com.br\/site\/wp-json\/wp\/v2\/tags?post=6807"}],"curies":[{"name":"wp","href":"https:\/\/api.w.org\/{rel}","templated":true}]}}