{"id":6774,"date":"2024-07-16T11:35:27","date_gmt":"2024-07-16T15:35:27","guid":{"rendered":"https:\/\/jornaloalvorada.com.br\/site\/?p=6774"},"modified":"2024-07-16T11:35:29","modified_gmt":"2024-07-16T15:35:29","slug":"aniversario-de-gracielli-piccione","status":"publish","type":"post","link":"https:\/\/jornaloalvorada.com.br\/site\/2024\/07\/16\/aniversario-de-gracielli-piccione\/","title":{"rendered":"Anivers\u00e1rio de Gracielli Piccione"},"content":{"rendered":"\n<p>NIVER-COMPLETANDO IDADE NOVA NESTA TER\u00c7A FEIRA 16 A LINDA GRACIELLE PICCIONE!PARAB\u00c9NS!FELICIDADES!!NA FTO COM A SUA M\u00c3E D\u00c9BORA COLATO!<\/p>\n","protected":false},"excerpt":{"rendered":"<p>NIVER-COMPLETANDO IDADE NOVA NESTA TER\u00c7A FEIRA 16 A LINDA GRACIELLE PICCIONE!PARAB\u00c9NS!FELICIDADES!!NA FTO COM A SUA M\u00c3E D\u00c9BORA COLATO!<\/p>\n","protected":false},"author":1,"featured_media":6775,"comment_status":"open","ping_status":"open","sticky":false,"template":"","format":"standard","meta":{"footnotes":""},"categories":[3],"tags":[],"class_list":["post-6774","post","type-post","status-publish","format-standard","has-post-thumbnail","hentry","category-social"],"_links":{"self":[{"href":"https:\/\/jornaloalvorada.com.br\/site\/wp-json\/wp\/v2\/posts\/6774","targetHints":{"allow":["GET"]}}],"collection":[{"href":"https:\/\/jornaloalvorada.com.br\/site\/wp-json\/wp\/v2\/posts"}],"about":[{"href":"https:\/\/jornaloalvorada.com.br\/site\/wp-json\/wp\/v2\/types\/post"}],"author":[{"embeddable":true,"href":"https:\/\/jornaloalvorada.com.br\/site\/wp-json\/wp\/v2\/users\/1"}],"replies":[{"embeddable":true,"href":"https:\/\/jornaloalvorada.com.br\/site\/wp-json\/wp\/v2\/comments?post=6774"}],"version-history":[{"count":1,"href":"https:\/\/jornaloalvorada.com.br\/site\/wp-json\/wp\/v2\/posts\/6774\/revisions"}],"predecessor-version":[{"id":6776,"href":"https:\/\/jornaloalvorada.com.br\/site\/wp-json\/wp\/v2\/posts\/6774\/revisions\/6776"}],"wp:featuredmedia":[{"embeddable":true,"href":"https:\/\/jornaloalvorada.com.br\/site\/wp-json\/wp\/v2\/media\/6775"}],"wp:attachment":[{"href":"https:\/\/jornaloalvorada.com.br\/site\/wp-json\/wp\/v2\/media?parent=6774"}],"wp:term":[{"taxonomy":"category","embeddable":true,"href":"https:\/\/jornaloalvorada.com.br\/site\/wp-json\/wp\/v2\/categories?post=6774"},{"taxonomy":"post_tag","embeddable":true,"href":"https:\/\/jornaloalvorada.com.br\/site\/wp-json\/wp\/v2\/tags?post=6774"}],"curies":[{"name":"wp","href":"https:\/\/api.w.org\/{rel}","templated":true}]}}