{"id":6761,"date":"2024-07-15T15:00:34","date_gmt":"2024-07-15T19:00:34","guid":{"rendered":"https:\/\/jornaloalvorada.com.br\/site\/?p=6761"},"modified":"2024-07-15T15:00:37","modified_gmt":"2024-07-15T19:00:37","slug":"dolar-sobe-para-r-548-depois-de-atentado-contra-trump","status":"publish","type":"post","link":"https:\/\/jornaloalvorada.com.br\/site\/2024\/07\/15\/dolar-sobe-para-r-548-depois-de-atentado-contra-trump\/","title":{"rendered":"D\u00f3lar sobe para R$ 5,48 depois de atentado contra Trump"},"content":{"rendered":"\n<p>O d\u00f3lar comercial subiu para R$ 5,48 na m\u00e1xima desta 2\u00aa feira (15.jul.2024) depois do atentado no s\u00e1bado (13.jul.2024) contra o ex-presidente dos Estados Unidos Donald Trump (Partido Republicano), 78 anos. Ele sofreu um <a href=\"https:\/\/www.poder360.com.br\/internacional\/trump-e-retirado-de-comicio-apos-sons-que-lembram-tiros\/\">ataque a tiros<\/a> enquanto discursava em um com\u00edcio em Butler (Pensilv\u00e2nia).<\/p>\n\n\n\n<p>O FBI (Federal Bureau of Investigation) <a href=\"https:\/\/www.poder360.com.br\/internacional\/atirador-de-trump-e-da-pensilvania-e-tem-20-anos-diz-fbi\/\">identificou<\/a>, no domingo (14.jul), Thomas Matthew Crooks como o \u201csujeito envolvido\u201d no ataque. Ele foi <a href=\"https:\/\/www.poder360.com.br\/poder-flash\/atirador-em-comicio-de-trump-foi-morto-diz-ap\/\">morto<\/a>. Trump foi baleado na orelha, mas n\u00e3o corre risco de morte.<\/p>\n\n\n\n<p>\u00c0s 10h07, a moeda norte-americana tinha alta de 0,59%, cotada a R$ 5,46. O d\u00f3lar se valoriza em rela\u00e7\u00e3o \u00e0s moedas emergentes \u2013como o real\u2013, porque h\u00e1 um movimento de busca por seguran\u00e7a nos ativos.<\/p>\n\n\n\n<p>O movimento de avers\u00e3o ao risco \u00e9 registrado com o aumento das incertezas em rela\u00e7\u00e3o \u00e0s elei\u00e7\u00f5es dos EUA.<\/p>\n\n\n\n<h2 class=\"wp-block-heading\">ATAQUE CONTRA TRUMP<\/h2>\n\n\n\n<p>O pr\u00e9-candidato do Partido Republicano \u00e0 Casa Branca, Donald Trump, sofreu um ataque a tiros enquanto realizava um com\u00edcio em Butler, na Pensilv\u00e2nia, no s\u00e1bado (13.jul.2024). O epis\u00f3dio levantou preocupa\u00e7\u00f5es de seguran\u00e7a em rela\u00e7\u00e3o \u00e0s elei\u00e7\u00f5es dos Estados Unidos, que est\u00e3o marcadas para 5 de novembro.<\/p>\n\n\n\n<p>Para explicar o atentado, o <strong>Poder360<\/strong> reuniu tudo o que sabe at\u00e9 o momento sobre o caso. Leia abaixo:<\/p>\n\n\n\n<ul class=\"wp-block-list\">\n<li>Trump discursava no com\u00edcio em Butler (Pensilv\u00e2nia) quando <a href=\"https:\/\/www.poder360.com.br\/internacional\/trump-e-retirado-de-comicio-apos-sons-que-lembram-tiros\/\" target=\"_blank\" rel=\"noreferrer noopener\">barulhos de tiros soaram no local<\/a> por volta das 19h (hor\u00e1rio de Bras\u00edlia). O republicano levou a m\u00e3o \u00e0 orelha direita e, depois, se abaixou. Em seguida, foi cercado por agentes do Servi\u00e7o Secreto. Antes de sair do palco, Trump ergueu seu punho direito, em um prov\u00e1vel sinal de demonstra\u00e7\u00e3o de for\u00e7a. O rosto do ex-presidente estava sujo de sangue;<\/li>\n\n\n\n<li>O porta-voz da campanha de Trump, Steven Cheung, disse <a href=\"https:\/\/x.com\/TeamTrump\/status\/1812258574942498844\" target=\"_blank\" rel=\"noreferrer noopener\">em publica\u00e7\u00e3o<\/a> no X (ex-Twitter) que o republicano estava bem e foi atendido em um hospital na cidade. Trump foi atingido de rasp\u00e3o na orelha;<\/li>\n\n\n\n<li>O porta-voz do Servi\u00e7o Secreto, Anthony Guglielmi, tamb\u00e9m confirmou que Trump estava seguro a <a href=\"https:\/\/www.poder360.com.br\/internacional\/porta-voz-do-servico-secreto-diz-que-trump-esta-a-salvo\/\" target=\"_blank\" rel=\"noreferrer noopener\">anunciou a abertura de uma investiga\u00e7\u00e3o<\/a> sobre o caso.<\/li>\n\n\n\n<li>O presidente dos EUA, Joe Biden, <a href=\"https:\/\/www.poder360.com.br\/internacional\/biden-diz-que-reza-por-trump-e-condena-violencia\/\" target=\"_blank\" rel=\"noreferrer noopener\">divulgou comunicado<\/a> sobre o ato, agradecendo a atua\u00e7\u00e3o do Servi\u00e7o Secreto. Tamb\u00e9m disse que rezava por Trump. Depois, falou por 2 minutos e 37 segundos com jornalistas. Condenou o ataque, dizendo que <em>\u201cn\u00e3o h\u00e1 lugar para esse tipo de viol\u00eancia nos EUA\u201d<\/em>.<\/li>\n\n\n\n<li>Trump <a href=\"https:\/\/www.poder360.com.br\/internacional\/senti-a-bala-rasgando-minha-pele-diz-trump\/\" target=\"_blank\" rel=\"noreferrer noopener\">se manifestou sobre o ocorrido<\/a> em publica\u00e7\u00e3o na Truth Social. Agradeceu pela <em>\u201cr\u00e1pida resposta\u201d<\/em> do Servi\u00e7o Secreto dos EUA e afirmou que percebeu o que estava acontecendo quando viu que estava sangrando. <em>\u201cSenti a bala rasgando a minha pele\u201d<\/em>, disse;<\/li>\n\n\n\n<li>Diversas <a href=\"https:\/\/www.poder360.com.br\/internacional\/politicos-brasileiros-se-solidarizam-com-trump-apos-ataque-em-comicio\/\" target=\"_blank\" rel=\"noreferrer noopener\">autoridades brasileiras<\/a>\u00a0e <a href=\"https:\/\/www.poder360.com.br\/internacional\/lideres-mundiais-condenam-ataque-a-trump\/\" target=\"_blank\" rel=\"noreferrer noopener\">internacionais<\/a> se manifestaram. O presidente <a href=\"https:\/\/monitor.poder360.com.br\/politicos-do-brasil\/929674?ano=0\" target=\"_blank\" rel=\"noreferrer noopener\">Luiz In\u00e1cio Lula da Silva<\/a> (PT) <a href=\"https:\/\/www.poder360.com.br\/governo\/inaceitavel-diz-lula-sobre-ataque-a-trump\/\" target=\"_blank\" rel=\"noreferrer noopener\">chamou<\/a> o ataque de <em>\u201cinaceit\u00e1vel\u201d<\/em>. <a href=\"https:\/\/monitor.poder360.com.br\/politicos-do-brasil\/630212\/JAIR-BOLSONARO?ano=2022\" target=\"_blank\" rel=\"noreferrer noopener\">Jair Bolsonaro<\/a> (PL) <a href=\"https:\/\/www.poder360.com.br\/internacional\/bolsonaro-presta-solidariedade-a-trump-nos-veremos-na-posse\/\" target=\"_blank\" rel=\"noreferrer noopener\">prestou solidariedade<\/a> a Trump. O bilion\u00e1rio Elon Musk <a href=\"https:\/\/www.poder360.com.br\/internacional\/apoio-totalmente-trump-diz-musk-apos-atentado-em-comicio\/\" target=\"_blank\" rel=\"noreferrer noopener\">afirmou<\/a> que apoia <em>\u201ctotalmente\u201d<\/em> o republicano;<\/li>\n\n\n\n<li>O porta-voz do Servi\u00e7o Secreto, Anthony Guglielmi, <a href=\"https:\/\/static.poder360.com.br\/2024\/07\/servico-secreto-eua-comunicado-ataque-comicio-trump.pdf\" target=\"_blank\" rel=\"noreferrer noopener\">confirmou a morte do atirador<\/a> e de <a href=\"https:\/\/www.poder360.com.br\/internacional\/apoiador-morto-em-ataque-a-trump-tentou-proteger-familia-dos-tiros\/\" target=\"_blank\" rel=\"noreferrer noopener\">uma pessoa que estava na plateia<\/a>. Disse que outras duas pessoas se feriram gravemente. Tamb\u00e9m afirmou que o autor do ataque <em>\u201cdisparou v\u00e1rios tiros em dire\u00e7\u00e3o ao palco\u201d<\/em> no qual Trump discursava <em>\u201cde uma posi\u00e7\u00e3o elevada fora do local do com\u00edcio\u201d<\/em>. Imagens que circulam nas redes sociais mostraram que o atirador <a href=\"https:\/\/www.poder360.com.br\/internacional\/atirador-em-comicio-de-trump-estava-num-telhado-veja-video\/\" target=\"_blank\" rel=\"noreferrer noopener\">estava em cima de um telhado<\/a>;<\/li>\n\n\n\n<li>Depois de ser atendido em hospital na Pensilv\u00e2nia, Trump <a href=\"https:\/\/www.poder360.com.br\/internacional\/trump-volta-para-nova-jersey-horas-apos-tentativa-de-assassinato\/\" target=\"_blank\" rel=\"noreferrer noopener\">desembarcou em<\/a> Nova Jersey na madrugada de domingo (14.jul);<\/li>\n\n\n\n<li>O FBI <a href=\"https:\/\/www.poder360.com.br\/internacional\/atirador-de-trump-e-da-pensilvania-e-tem-20-anos-diz-fbi\/\" target=\"_blank\" rel=\"noreferrer noopener\">identificou o atirador<\/a> como <a href=\"https:\/\/www.poder360.com.br\/internacional\/quem-era-thomas-crooks-identificado-como-autor-de-ataque-a-trump\/\" target=\"_blank\" rel=\"noreferrer noopener\">Thomas Matthew Crooks<\/a>, um jovem de 20 anos que morava em Bethel Park, na Pensilv\u00e2nia. A cidade est\u00e1 a cerca de 70 km de Butler, onde foi realizado o com\u00edcio. O servi\u00e7o de intelig\u00eancia dos EUA tamb\u00e9m <a href=\"https:\/\/www.poder360.com.br\/poder-flash\/fbi-fala-em-tentativa-de-assassinato-contra-trump\/\" target=\"_blank\" rel=\"noreferrer noopener\">classificou o ataque<\/a> como uma <em>\u201ctentativa de assassinato\u201d<\/em> de Trump. Disse que trabalha para identificar a motiva\u00e7\u00e3o;<\/li>\n\n\n\n<li>Os <a href=\"https:\/\/www.poder360.com.br\/internacional\/quem-era-thomas-crooks-identificado-como-autor-de-ataque-a-trump\/\" target=\"_blank\" rel=\"noreferrer noopener\">registros eleitorais estaduais identificam Crooks<\/a> como republicano, partido de Trump. A pr\u00f3xima elei\u00e7\u00e3o, marcada para 5 de novembro, teria sido a 1\u00aa em que ele teria idade suficiente para votar. Em 2021, Crooks fez uma doa\u00e7\u00e3o de US$ 15 ao <a href=\"https:\/\/www.turnoutpac.org\/\" target=\"_blank\" rel=\"noreferrer noopener\">Progressive Turnout Project<\/a>, grupo que incentiva democratas a votar, por meio da <a href=\"https:\/\/secure.actblue.com\/\" target=\"_blank\" rel=\"noreferrer noopener\">ActBlue<\/a>, plataforma de arrecada\u00e7\u00e3o de dinheiro, em 2021. Os registros do tribunal p\u00fablico da Pensilv\u00e2nia indicam que ele n\u00e3o tinha antecedentes criminais;<\/li>\n\n\n\n<li>Trump <a href=\"https:\/\/www.poder360.com.br\/internacional\/deus-impediu-que-o-pior-acontecesse-diz-trump-apos-ataque\/\" target=\"_blank\" rel=\"noreferrer noopener\">voltou a falar sobre o atentado<\/a>. Disse que foi Deus <em>\u201cquem evitou que o impens\u00e1vel acontecesse\u201d<\/em>;<\/li>\n\n\n\n<li>Autoridades dos EUA <a href=\"https:\/\/www.poder360.com.br\/internacional\/atirador-de-trump-teria-dispositivos-explosivos-em-carro\/\" target=\"_blank\" rel=\"noreferrer noopener\">teriam encontrado dispositivos explosivos<\/a> no carro do atirador, que estava estacionado perto do local do com\u00edcio. Outro dispositivo estaria na casa de Crooks em Bethel Park;<\/li>\n\n\n\n<li>Joe Biden falou novamente sobre o atentado. Anunciou que instruiu o chefe do Servi\u00e7o Secreto a revisar <em>\u201ctodas as medidas de seguran\u00e7a\u201d<\/em> para a Conven\u00e7\u00e3o Nacional do Partido Republicano, que come\u00e7a na 2\u00aa feira (15.jul). Tamb\u00e9m disse que determinou a realiza\u00e7\u00e3o de uma an\u00e1lise independente de seguran\u00e7a sobre o com\u00edcio para avaliar o que aconteceu. <em>\u201cCompartilharemos os resultados com o povo norte-americano\u201d<\/em>, declarou.<\/li>\n<\/ul>\n\n\n\n<p><strong><em>Fonte: Poder360<\/em><\/strong><\/p>\n","protected":false},"excerpt":{"rendered":"<p>O d\u00f3lar comercial subiu para R$ 5,48 na m\u00e1xima desta 2\u00aa feira (15.jul.2024) depois do atentado no s\u00e1bado (13.jul.2024) contra<\/p>\n","protected":false},"author":1,"featured_media":4834,"comment_status":"open","ping_status":"open","sticky":false,"template":"","format":"standard","meta":{"footnotes":""},"categories":[2],"tags":[],"class_list":["post-6761","post","type-post","status-publish","format-standard","has-post-thumbnail","hentry","category-noticias"],"_links":{"self":[{"href":"https:\/\/jornaloalvorada.com.br\/site\/wp-json\/wp\/v2\/posts\/6761","targetHints":{"allow":["GET"]}}],"collection":[{"href":"https:\/\/jornaloalvorada.com.br\/site\/wp-json\/wp\/v2\/posts"}],"about":[{"href":"https:\/\/jornaloalvorada.com.br\/site\/wp-json\/wp\/v2\/types\/post"}],"author":[{"embeddable":true,"href":"https:\/\/jornaloalvorada.com.br\/site\/wp-json\/wp\/v2\/users\/1"}],"replies":[{"embeddable":true,"href":"https:\/\/jornaloalvorada.com.br\/site\/wp-json\/wp\/v2\/comments?post=6761"}],"version-history":[{"count":1,"href":"https:\/\/jornaloalvorada.com.br\/site\/wp-json\/wp\/v2\/posts\/6761\/revisions"}],"predecessor-version":[{"id":6762,"href":"https:\/\/jornaloalvorada.com.br\/site\/wp-json\/wp\/v2\/posts\/6761\/revisions\/6762"}],"wp:featuredmedia":[{"embeddable":true,"href":"https:\/\/jornaloalvorada.com.br\/site\/wp-json\/wp\/v2\/media\/4834"}],"wp:attachment":[{"href":"https:\/\/jornaloalvorada.com.br\/site\/wp-json\/wp\/v2\/media?parent=6761"}],"wp:term":[{"taxonomy":"category","embeddable":true,"href":"https:\/\/jornaloalvorada.com.br\/site\/wp-json\/wp\/v2\/categories?post=6761"},{"taxonomy":"post_tag","embeddable":true,"href":"https:\/\/jornaloalvorada.com.br\/site\/wp-json\/wp\/v2\/tags?post=6761"}],"curies":[{"name":"wp","href":"https:\/\/api.w.org\/{rel}","templated":true}]}}