{"id":6751,"date":"2024-07-15T08:19:49","date_gmt":"2024-07-15T12:19:49","guid":{"rendered":"https:\/\/jornaloalvorada.com.br\/site\/?p=6751"},"modified":"2024-07-15T08:19:52","modified_gmt":"2024-07-15T12:19:52","slug":"lideres-mundiais-condenam-ataque-e-denunciam-violencia-politica","status":"publish","type":"post","link":"https:\/\/jornaloalvorada.com.br\/site\/2024\/07\/15\/lideres-mundiais-condenam-ataque-e-denunciam-violencia-politica\/","title":{"rendered":"L\u00edderes mundiais condenam ataque e denunciam viol\u00eancia pol\u00edtica"},"content":{"rendered":"\n<p>L\u00edderes mundiais prontamente condenaram o ataque a Donald Trump ocorrido s\u00e1bado (13), em um com\u00edcio na Pensilv\u00e2nia, no qual o ex-presidente foi baleado na orelha, expressando espanto, denunciando a viol\u00eancia pol\u00edtica e desejando ao ex-presidente americano uma r\u00e1pida recupera\u00e7\u00e3o.<\/p>\n\n\n\n<p>A equipe de campanha de Trump, que concorre novamente \u00e0 Casa Branca nas elei\u00e7\u00f5es norte-americanas de novembro, disse que ele estava \u201cbem\u201d. O FBI, ag\u00eancia central de investiga\u00e7\u00e3o dos Estados Unidos, identificou Thomas Matthew Crooks, de 20 anos, como o &#8220;sujeito envolvido&#8221; no que chamou de tentativa de assassinato.<\/p>\n\n\n\n<p>O porta-voz do secret\u00e1rio-geral da Organiza\u00e7\u00e3o das Na\u00e7\u00f5es Unidas (ONU), Ant\u00f3nio Guterres, condenou o atentado e o chamou de \u201cato de viol\u00eancia pol\u00edtica\u201d.<\/p>\n\n\n\n<p><a href=\"https:\/\/agenciabrasil.ebc.com.br\/internacional\/noticia\/2024-07\/lula-repudia-atentado-contra-donald-trump-inaceitavel\" target=\"_blank\" rel=\"noreferrer noopener\">O presidente Luiz In\u00e1cio Lula da Silva classificou<\/a> o ataque como inaceit\u00e1vel e incentivou que o ato seja condenado. &#8220;O atentado contra o ex-presidente Donald Trump deve ser repudiado veementemente por todos os defensores da democracia e do di\u00e1logo na pol\u00edtica. O que vimos hoje \u00e9 inaceit\u00e1vel\u201d, disse Lula.<\/p>\n\n\n\n<p>\u201cDevemos permanecer firmes contra qualquer forma de viol\u00eancia que desafie a democracia\u201d, afirmou o primeiro-ministro do Jap\u00e3o, Fumio Kishida.<\/p>\n\n\n\n<p>O primeiro-ministro brit\u00e2nico, Keir Starmer, disse estar \u201chorrorizado com as cenas chocantes\u201d do com\u00edcio. \u201cA viol\u00eancia pol\u00edtica, sob qualquer forma, n\u00e3o tem lugar nas nossas sociedades, e os meus pensamentos est\u00e3o com todas as v\u00edtimas deste ataque.\u201d<\/p>\n\n\n\n<p>O presidente ucraniano, Volodymyr Zelenskiy, afirmou que &#8220;n\u00e3o h\u00e1 justificativa&#8221; para tal viol\u00eancia e disse que estava &#8220;aliviado&#8221; por Trump, que vem criticando a ajuda militar dos Estados Unidos \u00e0 Ucr\u00e2nia em meio \u00e0 invas\u00e3o da R\u00fassia, estar seguro, e desejou-lhe &#8220;uma r\u00e1pida recupera\u00e7\u00e3o&#8221;.<\/p>\n\n\n\n<p>O primeiro-ministro australiano, Anthony Albanese, disse que o ataque foi &#8220;preocupante&#8221;. J\u00e1 o premi\u00ea canadense, Justin Trudeau, disse que o ocorrido o deixou &#8220;enojado&#8221; e acrescentou: \u201cA viol\u00eancia pol\u00edtica nunca \u00e9 aceit\u00e1vel\u201d.<\/p>\n\n\n\n<p>Coment\u00e1rios semelhantes foram feitos pelos l\u00edderes da Uni\u00e3o Europeia, do Egito, da Tail\u00e2ndia, de Taiwan, da Coreia do Sul, da Nova Zel\u00e2ndia, da It\u00e1lia, da Su\u00e9cia, dos Pa\u00edses Baixos e das Filipinas.<\/p>\n\n\n\n<p>\u201c\u00c9 uma trag\u00e9dia para as nossas democracias\u201d, disse o presidente franc\u00eas, Emmanuel Macron, sobre o tiroteio. &#8220;A Fran\u00e7a compartilha do choque e da indigna\u00e7\u00e3o do povo americano.&#8221;<\/p>\n\n\n\n<p>O primeiro-ministro israelense, Benjamin Netanyahu, falou que o ataque o deixou chocado, enquanto o primeiro-ministro h\u00fangaro, Viktor Orb\u00e1n, disse que suas ora\u00e7\u00f5es est\u00e3o com o ex-presidente &#8220;nestas horas sombrias&#8221;. Orb\u00e1n encontrou-se com Trump na \u00faltima semana, quando visitou os Estados Unidos para um evento da Organiza\u00e7\u00e3o do Tratado do Atl\u00e2ntico Norte (Otan).<\/p>\n\n\n\n<p>O primeiro-ministro indiano, Narendra Modi, chamou Trump de amigo e desejou a ele uma r\u00e1pida recupera\u00e7\u00e3o, ao mesmo tempo que disse: &#8220;Condenamos veementemente o incidente. A viol\u00eancia n\u00e3o tem lugar na pol\u00edtica e nas democracias.&#8221;<\/p>\n\n\n\n<h2 class=\"wp-block-heading\">Vaticano: &#8220;democracia ferida&#8221;<\/h2>\n\n\n\n<p>A Sala de Imprensa da Santa S\u00e9 e a Confer\u00eancia Episcopal dos Estados Unidos tamb\u00e9m se manifestaram sobre o atentado de s\u00e1bado \u00e0 noite contra o ex-presidente Donald Trump.<\/p>\n\n\n\n<p>&#8220;Condenamos a viol\u00eancia pol\u00edtica e oferecemos nossas ora\u00e7\u00f5es pelo presidente Trump e por aqueles que foram mortos ou feridos. Tamb\u00e9m rezamos por nosso pa\u00eds e pelo fim da viol\u00eancia, que nunca \u00e9 uma solu\u00e7\u00e3o para diverg\u00eancias pol\u00edticas&#8221;, disseram os bispos norte-americanos.<\/p>\n\n\n\n<p>A Santa S\u00e9 expressou a pr\u00f3pria preocupa\u00e7\u00e3o pelo epis\u00f3dio de viol\u00eancia no com\u00edcio de s\u00e1bado na Pensilv\u00e2nia, afirmando que o ataque &#8220;fere as pessoas e a democracia, provocando sofrimento e morte&#8221; e diz que se une \u00e0 ora\u00e7\u00e3o dos bispos pelo pa\u00eds, pelas v\u00edtimas e pela paz, &#8220;para que jamais prevale\u00e7am as raz\u00f5es dos violentos\u201d.<\/p>\n\n\n\n<figure class=\"wp-block-image\"><img decoding=\"async\" src=\"https:\/\/imagens.ebc.com.br\/adUpT5nDcYAXip0xag2DYm9aiGw=\/754x0\/smart\/https:\/\/agenciabrasil.ebc.com.br\/sites\/default\/files\/thumbnails\/image\/2024\/07\/14\/info_atentado_trump-1.jpg?itok=e4gDLC12\" alt=\"Pensilv\u00e2nia 14\/07\/2024  Local do atentado contra Trump. Foto Reuters.\" title=\"Foto Reuters.\"\/><figcaption class=\"wp-element-caption\">Pensilv\u00e2nia 14\/07\/2024 Local do atentado contra Trump. <strong>Foto Reuters.<\/strong><\/figcaption><\/figure>\n\n\n\n<p><strong><em>Fonte: Ag\u00eancia Brasil<\/em><\/strong><\/p>\n","protected":false},"excerpt":{"rendered":"<p>L\u00edderes mundiais prontamente condenaram o ataque a Donald Trump ocorrido s\u00e1bado (13), em um com\u00edcio na Pensilv\u00e2nia, no qual o<\/p>\n","protected":false},"author":1,"featured_media":6752,"comment_status":"open","ping_status":"open","sticky":false,"template":"","format":"standard","meta":{"footnotes":""},"categories":[2],"tags":[],"class_list":["post-6751","post","type-post","status-publish","format-standard","has-post-thumbnail","hentry","category-noticias"],"_links":{"self":[{"href":"https:\/\/jornaloalvorada.com.br\/site\/wp-json\/wp\/v2\/posts\/6751","targetHints":{"allow":["GET"]}}],"collection":[{"href":"https:\/\/jornaloalvorada.com.br\/site\/wp-json\/wp\/v2\/posts"}],"about":[{"href":"https:\/\/jornaloalvorada.com.br\/site\/wp-json\/wp\/v2\/types\/post"}],"author":[{"embeddable":true,"href":"https:\/\/jornaloalvorada.com.br\/site\/wp-json\/wp\/v2\/users\/1"}],"replies":[{"embeddable":true,"href":"https:\/\/jornaloalvorada.com.br\/site\/wp-json\/wp\/v2\/comments?post=6751"}],"version-history":[{"count":1,"href":"https:\/\/jornaloalvorada.com.br\/site\/wp-json\/wp\/v2\/posts\/6751\/revisions"}],"predecessor-version":[{"id":6753,"href":"https:\/\/jornaloalvorada.com.br\/site\/wp-json\/wp\/v2\/posts\/6751\/revisions\/6753"}],"wp:featuredmedia":[{"embeddable":true,"href":"https:\/\/jornaloalvorada.com.br\/site\/wp-json\/wp\/v2\/media\/6752"}],"wp:attachment":[{"href":"https:\/\/jornaloalvorada.com.br\/site\/wp-json\/wp\/v2\/media?parent=6751"}],"wp:term":[{"taxonomy":"category","embeddable":true,"href":"https:\/\/jornaloalvorada.com.br\/site\/wp-json\/wp\/v2\/categories?post=6751"},{"taxonomy":"post_tag","embeddable":true,"href":"https:\/\/jornaloalvorada.com.br\/site\/wp-json\/wp\/v2\/tags?post=6751"}],"curies":[{"name":"wp","href":"https:\/\/api.w.org\/{rel}","templated":true}]}}