{"id":6744,"date":"2024-07-11T08:11:00","date_gmt":"2024-07-11T12:11:00","guid":{"rendered":"https:\/\/jornaloalvorada.com.br\/site\/?p=6744"},"modified":"2024-07-11T09:13:38","modified_gmt":"2024-07-11T13:13:38","slug":"prefeito-visita-empresa-recem-inaugura-em-nova-alvorada-do-sul-tintorin-troca-de-oleo-acessorios-e-pamonha-auto-car","status":"publish","type":"post","link":"https:\/\/jornaloalvorada.com.br\/site\/2024\/07\/11\/prefeito-visita-empresa-recem-inaugura-em-nova-alvorada-do-sul-tintorin-troca-de-oleo-acessorios-e-pamonha-auto-car\/","title":{"rendered":"Prefeito visita empresa rec\u00e9m inaugura em Nova Alvorada do Sul, Tintorin Troca de \u00d3leo &amp; Acess\u00f3rios e Pamonha Auto Car"},"content":{"rendered":"\n<p>Visitando a empresa Tintorin Troca de \u00d3leo &amp; Acess\u00f3rios e Pamonha Auto Car, que foi inaugurada nesta semana em Nova Alvorada do Sul.<\/p>\n\n\n\n<p>Quero desejar uma boa sorte e agradecer aos empres\u00e1rios Rodrigo e Bruno pela confian\u00e7a no potencial econ\u00f4mico do nosso munic\u00edpio.<\/p>\n","protected":false},"excerpt":{"rendered":"<p>Visitando a empresa Tintorin Troca de \u00d3leo &amp; Acess\u00f3rios e Pamonha Auto Car, que foi inaugurada nesta semana em Nova<\/p>\n","protected":false},"author":1,"featured_media":6745,"comment_status":"open","ping_status":"open","sticky":false,"template":"","format":"standard","meta":{"footnotes":""},"categories":[2],"tags":[],"class_list":["post-6744","post","type-post","status-publish","format-standard","has-post-thumbnail","hentry","category-noticias"],"_links":{"self":[{"href":"https:\/\/jornaloalvorada.com.br\/site\/wp-json\/wp\/v2\/posts\/6744","targetHints":{"allow":["GET"]}}],"collection":[{"href":"https:\/\/jornaloalvorada.com.br\/site\/wp-json\/wp\/v2\/posts"}],"about":[{"href":"https:\/\/jornaloalvorada.com.br\/site\/wp-json\/wp\/v2\/types\/post"}],"author":[{"embeddable":true,"href":"https:\/\/jornaloalvorada.com.br\/site\/wp-json\/wp\/v2\/users\/1"}],"replies":[{"embeddable":true,"href":"https:\/\/jornaloalvorada.com.br\/site\/wp-json\/wp\/v2\/comments?post=6744"}],"version-history":[{"count":1,"href":"https:\/\/jornaloalvorada.com.br\/site\/wp-json\/wp\/v2\/posts\/6744\/revisions"}],"predecessor-version":[{"id":6746,"href":"https:\/\/jornaloalvorada.com.br\/site\/wp-json\/wp\/v2\/posts\/6744\/revisions\/6746"}],"wp:featuredmedia":[{"embeddable":true,"href":"https:\/\/jornaloalvorada.com.br\/site\/wp-json\/wp\/v2\/media\/6745"}],"wp:attachment":[{"href":"https:\/\/jornaloalvorada.com.br\/site\/wp-json\/wp\/v2\/media?parent=6744"}],"wp:term":[{"taxonomy":"category","embeddable":true,"href":"https:\/\/jornaloalvorada.com.br\/site\/wp-json\/wp\/v2\/categories?post=6744"},{"taxonomy":"post_tag","embeddable":true,"href":"https:\/\/jornaloalvorada.com.br\/site\/wp-json\/wp\/v2\/tags?post=6744"}],"curies":[{"name":"wp","href":"https:\/\/api.w.org\/{rel}","templated":true}]}}