{"id":6738,"date":"2024-07-11T09:10:17","date_gmt":"2024-07-11T13:10:17","guid":{"rendered":"https:\/\/jornaloalvorada.com.br\/site\/?p=6738"},"modified":"2024-07-11T09:10:19","modified_gmt":"2024-07-11T13:10:19","slug":"temperaturas-permanecem-amenas-e-quinta-feira-tem-probabilidade-de-chuva-fraca-a-moderada","status":"publish","type":"post","link":"https:\/\/jornaloalvorada.com.br\/site\/2024\/07\/11\/temperaturas-permanecem-amenas-e-quinta-feira-tem-probabilidade-de-chuva-fraca-a-moderada\/","title":{"rendered":"Temperaturas permanecem amenas e quinta-feira tem probabilidade de chuva fraca a moderada"},"content":{"rendered":"\n<p>A previs\u00e3o do tempo para esta quinta-feira (11) indica chuvas de intensidade fraca a moderada principalmente nas regi\u00f5es Sul, Sudeste e Sudoeste de Mato Grosso do Sul. De acordo com o Cemtec (Centro de Monitoramento do Tempo e do Clima), a aproxima\u00e7\u00e3o de uma frente fria aliada ao intenso transporte de umidade refor\u00e7a o tempo inst\u00e1vel.<\/p>\n\n\n\n<p>Nas regi\u00f5es norte e Bols\u00e3o, o tempo deve ficar mais firme, com aberturas de sol e aumento de nebulosidade, por\u00e9m, n\u00e3o se descarta a probabilidade de chuvas de intensidade fraca. Os ventos atuam do quadrante sul com valores entre 30-50 km\/h e, pontualmente, podem ocorrer rajadas acima da m\u00e9dia.<\/p>\n\n\n\n<p>A m\u00ednima prevista para Campo Grande \u00e9 de 13\u00b0C e a m\u00e1xima de 25\u00b0C. Em Dourados, o dia inicia com 12\u00b0C e chega aos 16\u00b0C nos hor\u00e1rios mais quentes. Na regi\u00e3o Sul-fronteira, Ponta Por\u00e3 apresenta varia\u00e7\u00e3o entre 10\u00b0C e 12\u00b0C. Anauril\u00e2ndia, na regi\u00e3o leste, tem m\u00ednima de 14\u00b0C e m\u00e1xima de 22\u00b0C.<\/p>\n\n\n\n<p>Em Parana\u00edba, no Bols\u00e3o, a m\u00ednima \u00e9 de 15\u00b0C e a m\u00e1xima de 33\u00b0C; Tr\u00eas Lagoas, na mesma regi\u00e3o, amanhece com 16\u00b0C e atinge 31\u00b0C \u00e0 tarde. Coxim, na regi\u00e3o norte, tem m\u00ednima de 14\u00b0C e m\u00e1xima de 31\u00b0C.<\/p>\n\n\n\n<p>Na regi\u00e3o pantaneira, os term\u00f4metros em Aquidauana e Coxim marcam 13\u00b0C inicialmente e registram m\u00e1ximas de 21\u00b0C e 22\u00b0C, respectivamente. Porto Murtinho, no sudoeste do Estado, registra 12\u00b0C pela manh\u00e3 e chega aos 15\u00b0C ao longo do dia.<\/p>\n\n\n\n<figure class=\"wp-block-image\"><a href=\"https:\/\/agenciadenoticias.ms.gov.br\/wp-content\/uploads\/2024\/07\/Mapa-Previsao-11-07-2024.jpeg\"><img decoding=\"async\" src=\"https:\/\/agenciadenoticias.ms.gov.br\/wp-content\/uploads\/2024\/07\/Mapa-Previsao-11-07-2024-1024x724.jpeg\" alt=\"\"\/><\/a><\/figure>\n\n\n\n<p><em>Heloisa Duim, Programa de Est\u00e1gio Supervisionado<br>Foto: \u00c1lvaro Rezende<\/em><\/p>\n","protected":false},"excerpt":{"rendered":"<p>A previs\u00e3o do tempo para esta quinta-feira (11) indica chuvas de intensidade fraca a moderada principalmente nas regi\u00f5es Sul, Sudeste<\/p>\n","protected":false},"author":1,"featured_media":6739,"comment_status":"open","ping_status":"open","sticky":false,"template":"","format":"standard","meta":{"footnotes":""},"categories":[2],"tags":[],"class_list":["post-6738","post","type-post","status-publish","format-standard","has-post-thumbnail","hentry","category-noticias"],"_links":{"self":[{"href":"https:\/\/jornaloalvorada.com.br\/site\/wp-json\/wp\/v2\/posts\/6738","targetHints":{"allow":["GET"]}}],"collection":[{"href":"https:\/\/jornaloalvorada.com.br\/site\/wp-json\/wp\/v2\/posts"}],"about":[{"href":"https:\/\/jornaloalvorada.com.br\/site\/wp-json\/wp\/v2\/types\/post"}],"author":[{"embeddable":true,"href":"https:\/\/jornaloalvorada.com.br\/site\/wp-json\/wp\/v2\/users\/1"}],"replies":[{"embeddable":true,"href":"https:\/\/jornaloalvorada.com.br\/site\/wp-json\/wp\/v2\/comments?post=6738"}],"version-history":[{"count":1,"href":"https:\/\/jornaloalvorada.com.br\/site\/wp-json\/wp\/v2\/posts\/6738\/revisions"}],"predecessor-version":[{"id":6740,"href":"https:\/\/jornaloalvorada.com.br\/site\/wp-json\/wp\/v2\/posts\/6738\/revisions\/6740"}],"wp:featuredmedia":[{"embeddable":true,"href":"https:\/\/jornaloalvorada.com.br\/site\/wp-json\/wp\/v2\/media\/6739"}],"wp:attachment":[{"href":"https:\/\/jornaloalvorada.com.br\/site\/wp-json\/wp\/v2\/media?parent=6738"}],"wp:term":[{"taxonomy":"category","embeddable":true,"href":"https:\/\/jornaloalvorada.com.br\/site\/wp-json\/wp\/v2\/categories?post=6738"},{"taxonomy":"post_tag","embeddable":true,"href":"https:\/\/jornaloalvorada.com.br\/site\/wp-json\/wp\/v2\/tags?post=6738"}],"curies":[{"name":"wp","href":"https:\/\/api.w.org\/{rel}","templated":true}]}}