{"id":6730,"date":"2024-07-10T11:14:21","date_gmt":"2024-07-10T15:14:21","guid":{"rendered":"https:\/\/jornaloalvorada.com.br\/site\/?p=6730"},"modified":"2024-07-10T11:14:24","modified_gmt":"2024-07-10T15:14:24","slug":"previsao-do-tempo-no-brasil-para-esta-quarta-feira-e-o-resto-da-semana","status":"publish","type":"post","link":"https:\/\/jornaloalvorada.com.br\/site\/2024\/07\/10\/previsao-do-tempo-no-brasil-para-esta-quarta-feira-e-o-resto-da-semana\/","title":{"rendered":"Previs\u00e3o do tempo no Brasil para esta quarta-feira e o resto da semana"},"content":{"rendered":"\n<p>Acompanhar a previs\u00e3o do tempo se tornou essencial para planejar desde atividades cotidianas at\u00e9 opera\u00e7\u00f5es mais complexas em \u00e1reas como agricultura e log\u00edstica. Hoje, traremos um detalhamento sobre como o tempo se comportar\u00e1 em diferentes regi\u00f5es do Brasil nesta quarta-feira, dia 10. Esteja preparado para o que o clima te reserva!<\/p>\n\n\n\n<p>Come\u00e7aremos nossa jornada pelo Sul do pa\u00eds, onde a manifesta\u00e7\u00e3o clim\u00e1tica varia consideravelmente entre os estados. Em seguida, atravessaremos para as outras regi\u00f5es, destacando as principais peculiaridades de cada \u00e1rea. Preparado? Pegue seu guarda-chuva ou seus \u00f3culos de sol, dependendo de onde voc\u00ea estiver!<\/p>\n\n\n\n<figure class=\"wp-block-image\"><img decoding=\"async\" src=\"https:\/\/terrabrasilnoticias.com\/wp-content\/uploads\/2024\/07\/chuva-1-scaled.jpg\" alt=\"Foto: Divulga\u00e7\u00e3o \/ Internet\"\/><figcaption class=\"wp-element-caption\">Foto: Divulga\u00e7\u00e3o \/ Internet<\/figcaption><\/figure>\n\n\n\n<h2 class=\"wp-block-heading\">Condi\u00e7\u00f5es Clim\u00e1ticas no Sul do Brasil<\/h2>\n\n\n\n<p>No extremo sul do pa\u00eds, o dia come\u00e7a com <strong>geada no oeste do Rio Grande do Sul<\/strong>, incluindo \u00e1reas da Campanha e do litoral sul ga\u00facho. J\u00e1 o centro do estado e as Miss\u00f5es apresentam um c\u00e9u repleto de nuvens, mas, curiosamente, sem previs\u00e3o de chuvas. Por outro lado, para quem est\u00e1 na regi\u00e3o metropolitana de Porto Alegre e no norte ga\u00facho, bem como no oeste de Santa Catarina e do Paran\u00e1, \u00e9 esperada chuva a qualquer momento do dia, potencializando a necessidade de um bom planejamento para quem vive nessas \u00e1reas.<\/p>\n\n\n\n<h2 class=\"wp-block-heading\">Como Estar\u00e1 o Tempo no Sudeste Brasileiro?<\/h2>\n\n\n\n<p>O Sudeste mostra um cen\u00e1rio de chuvas espalhadas por todo o estado de S\u00e3o Paulo, com a capital paulista amanhecendo nublada e chuvas pontuais que podem evoluir para temporais. O Rio de Janeiro segue padr\u00e3o similar, com chuvas previstas ao longo do dia, especialmente no sul fluminense e na capital. Ao contr\u00e1rio, no interior do estado e em \u00e1reas como a Serra e o sul de Minas Gerais, as chuvas ser\u00e3o mais isoladas, alternando com per\u00edodos de sol. O Esp\u00edrito Santo, por sua vez, goza de tempo firme e ensolarado.<\/p>\n\n\n\n<h2 class=\"wp-block-heading\">Previs\u00e3o para o Centro-Oeste e Distrito Federal<\/h2>\n\n\n\n<p>Mudando para o Centro-Oeste, o destaque vai para Mato Grosso do Sul, onde chuvas s\u00e3o esperadas em boa parte do estado. Curiosamente, o sul do estado e o extremo noroeste mant\u00eam-se sem chuvas, apesar da nebulosidade. Em contraste, o estado de Mato Grosso, assim como Goi\u00e1s e o Distrito Federal, ter\u00e3o um dia ensolarado, sem previs\u00f5es de chuvas, o que pode ser um al\u00edvio para quem tem atividades ao ar livre planejadas.<\/p>\n\n\n\n<h3 class=\"wp-block-heading\">Perspectivas para o Norte e Nordeste do Brasil<\/h3>\n\n\n\n<ul class=\"wp-block-list\">\n<li>Na regi\u00e3o Norte, a situa\u00e7\u00e3o varia bastante. Enquanto o centro-leste e o sul de Rond\u00f4nia, assim como o sudeste do Par\u00e1 e Tocantins, apresentam tempo firme, outras \u00e1reas, como o oeste do Acre e norte do Amap\u00e1, podem esperar por chuvas frequentes que podem culminar em temporais.<\/li>\n\n\n\n<li>Por outro lado, no Nordeste, a chuva se faz presente desde o litoral de Fortaleza at\u00e9 Ilh\u00e9us, de forma mais espor\u00e1dica. \u00c1reas como Macei\u00f3, Recife, Jo\u00e3o Pessoa e Natal enfrentar\u00e3o chuvas intermitentes que podem resultar em temporais. A regi\u00e3o noroeste do Maranh\u00e3o ter\u00e1 pancadas de chuva ao final do dia.<\/li>\n<\/ul>\n\n\n\n<p>Esteja voc\u00ea indo para o trabalho, planejando a colheita ou simplesmente organizando um passeio, manter-se atualizado sobre o clima \u00e9 crucial. Esperamos que essa an\u00e1lise detalhada ajude voc\u00ea a se preparar melhor para sua quarta-feira, proporcionando um dia mais tranquilo e seguro.<\/p>\n\n\n\n<p><strong><em>Fonte: Terra Brasil Not\u00edcias<\/em><\/strong><\/p>\n","protected":false},"excerpt":{"rendered":"<p>Acompanhar a previs\u00e3o do tempo se tornou essencial para planejar desde atividades cotidianas at\u00e9 opera\u00e7\u00f5es mais complexas em \u00e1reas como<\/p>\n","protected":false},"author":1,"featured_media":6731,"comment_status":"open","ping_status":"open","sticky":false,"template":"","format":"standard","meta":{"footnotes":""},"categories":[2],"tags":[],"class_list":["post-6730","post","type-post","status-publish","format-standard","has-post-thumbnail","hentry","category-noticias"],"_links":{"self":[{"href":"https:\/\/jornaloalvorada.com.br\/site\/wp-json\/wp\/v2\/posts\/6730","targetHints":{"allow":["GET"]}}],"collection":[{"href":"https:\/\/jornaloalvorada.com.br\/site\/wp-json\/wp\/v2\/posts"}],"about":[{"href":"https:\/\/jornaloalvorada.com.br\/site\/wp-json\/wp\/v2\/types\/post"}],"author":[{"embeddable":true,"href":"https:\/\/jornaloalvorada.com.br\/site\/wp-json\/wp\/v2\/users\/1"}],"replies":[{"embeddable":true,"href":"https:\/\/jornaloalvorada.com.br\/site\/wp-json\/wp\/v2\/comments?post=6730"}],"version-history":[{"count":1,"href":"https:\/\/jornaloalvorada.com.br\/site\/wp-json\/wp\/v2\/posts\/6730\/revisions"}],"predecessor-version":[{"id":6732,"href":"https:\/\/jornaloalvorada.com.br\/site\/wp-json\/wp\/v2\/posts\/6730\/revisions\/6732"}],"wp:featuredmedia":[{"embeddable":true,"href":"https:\/\/jornaloalvorada.com.br\/site\/wp-json\/wp\/v2\/media\/6731"}],"wp:attachment":[{"href":"https:\/\/jornaloalvorada.com.br\/site\/wp-json\/wp\/v2\/media?parent=6730"}],"wp:term":[{"taxonomy":"category","embeddable":true,"href":"https:\/\/jornaloalvorada.com.br\/site\/wp-json\/wp\/v2\/categories?post=6730"},{"taxonomy":"post_tag","embeddable":true,"href":"https:\/\/jornaloalvorada.com.br\/site\/wp-json\/wp\/v2\/tags?post=6730"}],"curies":[{"name":"wp","href":"https:\/\/api.w.org\/{rel}","templated":true}]}}