{"id":6723,"date":"2024-07-10T08:01:00","date_gmt":"2024-07-10T12:01:00","guid":{"rendered":"https:\/\/jornaloalvorada.com.br\/site\/?p=6723"},"modified":"2024-07-10T09:02:29","modified_gmt":"2024-07-10T13:02:29","slug":"com-aproximacao-de-nova-frente-fria-no-estado-tempo-instavel-ganha-forca-nesta-quarta-feira","status":"publish","type":"post","link":"https:\/\/jornaloalvorada.com.br\/site\/2024\/07\/10\/com-aproximacao-de-nova-frente-fria-no-estado-tempo-instavel-ganha-forca-nesta-quarta-feira\/","title":{"rendered":"Com aproxima\u00e7\u00e3o de nova frente fria no Estado, tempo inst\u00e1vel ganha for\u00e7a nesta quarta-feira"},"content":{"rendered":"\n<p>Para esta quarta-feira (10), a previs\u00e3o do Cemtec (Centro de Monitoramento do Tempo e do Clima) indica chuvas de intensidade fraca a pontualmente moderada, com destaque nas regi\u00f5es Sul, Sudeste e Sudoeste. O tempo inst\u00e1vel \u00e9 refor\u00e7ado devido a aproxima\u00e7\u00e3o de uma nova frente fria aliada ao intenso transporte de umidade.<\/p>\n\n\n\n<p>\u201cDestaca-se que a previs\u00e3o de chuvas no Pantanal sul-mato-grossense, pode ser um fator importante para amenizar o tempo seco na regi\u00e3o e consequentemente os focos de calor. Contudo, os volumes de chuva previstos, n\u00e3o revertem o cen\u00e1rio de forte escassez h\u00eddrica na regi\u00e3o\u201d, informa o \u00f3rg\u00e3o.<\/p>\n\n\n\n<p>Em Campo Grande, esta quarta inicia aos 11\u00b0C e chega aos 18\u00b0C. Em Dourados, a m\u00ednima prevista \u00e9 de 10\u00b0C e a m\u00e1xima de 14\u00b0C. Os term\u00f4metros em Ponta Por\u00e3, na fronteira com o Paraguai, marcam 7\u00b0C inicialmente e atingem 13\u00b0C ao longo do dia. Anauril\u00e2ndia, na regi\u00e3o Leste, apresenta varia\u00e7\u00e3o entre 13\u00b0C e 17\u00b0C.<\/p>\n\n\n\n<p>Na regi\u00e3o do Bols\u00e3o, Tr\u00eas Lagoas e Parana\u00edba amanhecem com 16\u00b0C e registram m\u00e1ximas de 23\u00b0C e 27\u00b0C, respectivamente. No Norte, Coxim tem m\u00ednima de 14\u00b0C e m\u00e1xima de 26\u00b0C, j\u00e1 em Camapu\u00e3 os valores variam entre 15\u00b0C e 25\u00b0C.<\/p>\n\n\n\n<p>Em Corumb\u00e1, no Pantanal, a m\u00ednima \u00e9 de 12\u00b0C e a m\u00e1xima de 19\u00b0C; Aquidauana, na mesma regi\u00e3o, tem m\u00ednima de 11\u00b0C e m\u00e1xima de 16\u00b0C. Na regi\u00e3o Sudoeste, as temperaturas em Porto Murtinho iniciam em 9\u00b0C e sobem at\u00e9 16\u00b0C.<\/p>\n\n\n\n<figure class=\"wp-block-image\"><a href=\"https:\/\/agenciadenoticias.ms.gov.br\/wp-content\/uploads\/2024\/07\/Mapa-Previsao-10-07-2024.jpeg\"><img decoding=\"async\" src=\"https:\/\/agenciadenoticias.ms.gov.br\/wp-content\/uploads\/2024\/07\/Mapa-Previsao-10-07-2024-1024x724.jpeg\" alt=\"\"\/><\/a><\/figure>\n\n\n\n<p><em>Heloisa Duim, Programa de Est\u00e1gio Supervisionado<\/em><br><em>Foto: \u00c1lvaro Rezende<\/em><\/p>\n","protected":false},"excerpt":{"rendered":"<p>Para esta quarta-feira (10), a previs\u00e3o do Cemtec (Centro de Monitoramento do Tempo e do Clima) indica chuvas de intensidade<\/p>\n","protected":false},"author":1,"featured_media":6724,"comment_status":"open","ping_status":"open","sticky":false,"template":"","format":"standard","meta":{"footnotes":""},"categories":[2],"tags":[],"class_list":["post-6723","post","type-post","status-publish","format-standard","has-post-thumbnail","hentry","category-noticias"],"_links":{"self":[{"href":"https:\/\/jornaloalvorada.com.br\/site\/wp-json\/wp\/v2\/posts\/6723","targetHints":{"allow":["GET"]}}],"collection":[{"href":"https:\/\/jornaloalvorada.com.br\/site\/wp-json\/wp\/v2\/posts"}],"about":[{"href":"https:\/\/jornaloalvorada.com.br\/site\/wp-json\/wp\/v2\/types\/post"}],"author":[{"embeddable":true,"href":"https:\/\/jornaloalvorada.com.br\/site\/wp-json\/wp\/v2\/users\/1"}],"replies":[{"embeddable":true,"href":"https:\/\/jornaloalvorada.com.br\/site\/wp-json\/wp\/v2\/comments?post=6723"}],"version-history":[{"count":1,"href":"https:\/\/jornaloalvorada.com.br\/site\/wp-json\/wp\/v2\/posts\/6723\/revisions"}],"predecessor-version":[{"id":6725,"href":"https:\/\/jornaloalvorada.com.br\/site\/wp-json\/wp\/v2\/posts\/6723\/revisions\/6725"}],"wp:featuredmedia":[{"embeddable":true,"href":"https:\/\/jornaloalvorada.com.br\/site\/wp-json\/wp\/v2\/media\/6724"}],"wp:attachment":[{"href":"https:\/\/jornaloalvorada.com.br\/site\/wp-json\/wp\/v2\/media?parent=6723"}],"wp:term":[{"taxonomy":"category","embeddable":true,"href":"https:\/\/jornaloalvorada.com.br\/site\/wp-json\/wp\/v2\/categories?post=6723"},{"taxonomy":"post_tag","embeddable":true,"href":"https:\/\/jornaloalvorada.com.br\/site\/wp-json\/wp\/v2\/tags?post=6723"}],"curies":[{"name":"wp","href":"https:\/\/api.w.org\/{rel}","templated":true}]}}