{"id":6720,"date":"2024-07-10T09:01:35","date_gmt":"2024-07-10T13:01:35","guid":{"rendered":"https:\/\/jornaloalvorada.com.br\/site\/?p=6720"},"modified":"2024-07-10T09:01:38","modified_gmt":"2024-07-10T13:01:38","slug":"vendeu-o-veiculo-fazer-comunicacao-de-venda-online-e-simples-e-evita-dores-de-cabeca-no-futuro","status":"publish","type":"post","link":"https:\/\/jornaloalvorada.com.br\/site\/2024\/07\/10\/vendeu-o-veiculo-fazer-comunicacao-de-venda-online-e-simples-e-evita-dores-de-cabeca-no-futuro\/","title":{"rendered":"Vendeu o ve\u00edculo? Fazer comunica\u00e7\u00e3o de venda online \u00e9 simples e evita dores de cabe\u00e7a no futuro"},"content":{"rendered":"\n<p>A responsabilidade de avisar o Detran-MS (Departamento Estadual de Tr\u00e2nsito) quando \u00e9 feita a venda de um ve\u00edculo \u00e9 do ex-propriet\u00e1rio. Se por acaso, o comprador n\u00e3o efetivar a transfer\u00eancia para seu nome, a comunica\u00e7\u00e3o de venda \u00e9 a garantia para que san\u00e7\u00f5es e penalidades com a m\u00e1 utiliza\u00e7\u00e3o do ve\u00edculo n\u00e3o caiam sobre o vendedor.<\/p>\n\n\n\n<p>Com os servi\u00e7os digitais do Detran-MS, a comunica\u00e7\u00e3o de venda pode ser feita ou consultada diretamente no site Meu Detran. Na p\u00e1gina inicial, basta selecionar a op\u00e7\u00e3o \u201cVe\u00edculos\u201d, e escolher o submenu \u201cComunica\u00e7\u00e3o de Venda\u201d. Ser\u00e1 necess\u00e1rio preencher as informa\u00e7\u00f5es do ve\u00edculo em negocia\u00e7\u00e3o, os dados do vendedor, e os campos com informa\u00e7\u00f5es do comprador.&nbsp;<\/p>\n\n\n\n<p>Al\u00e9m de ter responsabilidade solid\u00e1ria por multas que possam ocorrer, e at\u00e9 mesmo ter a sua CNH (Carteira Nacional de Habilita\u00e7\u00e3o) suspensa, a depender do tipo de infra\u00e7\u00e3o cometida, caso n\u00e3o fa\u00e7a a comunica\u00e7\u00e3o de venda, o vendedor continua sendo o respons\u00e1vel por manter a regularidade do ve\u00edculo, ou seja, por taxas que ainda ser\u00e3o geradas como IPVA (Imposto Sobre a Propriedade de Ve\u00edculos Automotores) e Licenciamento.<\/p>\n\n\n\n<p>O Art. 134 do C\u00f3digo de Tr\u00e2nsito Brasileiro (CTB), estabelece que, no caso de transfer\u00eancia de propriedade, expirado o prazo de 30 dias sem que o novo propriet\u00e1rio tenha tomado as provid\u00eancias necess\u00e1rias para emitir o novo Certificado de Registro de Ve\u00edculo, o antigo propriet\u00e1rio dever\u00e1 encaminhar ao \u00f3rg\u00e3o executivo de tr\u00e2nsito do Estado ou do Distrito Federal, no prazo de 60 (sessenta) dias, c\u00f3pia autenticada do comprovante de transfer\u00eancia de propriedade, devidamente assinado e datado, sob pena de ter que se responsabilizar solidariamente pelas penalidades impostas e suas reincid\u00eancias at\u00e9 a data da comunica\u00e7\u00e3o.<\/p>\n\n\n\n<p>Esse instrumento \u00e9 a \u00fanica forma que o vendedor tem para evitar ser responsabilizado por atos cometidos ap\u00f3s a entrega do ve\u00edculo, at\u00e9 que o novo propriet\u00e1rio efetive a transfer\u00eancia.&nbsp;Al\u00e9m das multas, pontos e impostos, o propriet\u00e1rio que consta nos registros do \u00f3rg\u00e3o de tr\u00e2nsito tamb\u00e9m poder\u00e1 vir a responder por acidentes ou crimes com o ve\u00edculo.<\/p>\n\n\n\n<p><em>Comunica\u00e7\u00e3o Detran-MS<br><\/em><em>Foto: Rodrigo Maia<\/em><\/p>\n","protected":false},"excerpt":{"rendered":"<p>A responsabilidade de avisar o Detran-MS (Departamento Estadual de Tr\u00e2nsito) quando \u00e9 feita a venda de um ve\u00edculo \u00e9 do<\/p>\n","protected":false},"author":1,"featured_media":6721,"comment_status":"open","ping_status":"open","sticky":false,"template":"","format":"standard","meta":{"footnotes":""},"categories":[2],"tags":[],"class_list":["post-6720","post","type-post","status-publish","format-standard","has-post-thumbnail","hentry","category-noticias"],"_links":{"self":[{"href":"https:\/\/jornaloalvorada.com.br\/site\/wp-json\/wp\/v2\/posts\/6720","targetHints":{"allow":["GET"]}}],"collection":[{"href":"https:\/\/jornaloalvorada.com.br\/site\/wp-json\/wp\/v2\/posts"}],"about":[{"href":"https:\/\/jornaloalvorada.com.br\/site\/wp-json\/wp\/v2\/types\/post"}],"author":[{"embeddable":true,"href":"https:\/\/jornaloalvorada.com.br\/site\/wp-json\/wp\/v2\/users\/1"}],"replies":[{"embeddable":true,"href":"https:\/\/jornaloalvorada.com.br\/site\/wp-json\/wp\/v2\/comments?post=6720"}],"version-history":[{"count":1,"href":"https:\/\/jornaloalvorada.com.br\/site\/wp-json\/wp\/v2\/posts\/6720\/revisions"}],"predecessor-version":[{"id":6722,"href":"https:\/\/jornaloalvorada.com.br\/site\/wp-json\/wp\/v2\/posts\/6720\/revisions\/6722"}],"wp:featuredmedia":[{"embeddable":true,"href":"https:\/\/jornaloalvorada.com.br\/site\/wp-json\/wp\/v2\/media\/6721"}],"wp:attachment":[{"href":"https:\/\/jornaloalvorada.com.br\/site\/wp-json\/wp\/v2\/media?parent=6720"}],"wp:term":[{"taxonomy":"category","embeddable":true,"href":"https:\/\/jornaloalvorada.com.br\/site\/wp-json\/wp\/v2\/categories?post=6720"},{"taxonomy":"post_tag","embeddable":true,"href":"https:\/\/jornaloalvorada.com.br\/site\/wp-json\/wp\/v2\/tags?post=6720"}],"curies":[{"name":"wp","href":"https:\/\/api.w.org\/{rel}","templated":true}]}}