{"id":6707,"date":"2024-07-09T08:44:40","date_gmt":"2024-07-09T12:44:40","guid":{"rendered":"https:\/\/jornaloalvorada.com.br\/site\/?p=6707"},"modified":"2024-07-09T08:44:43","modified_gmt":"2024-07-09T12:44:43","slug":"nao-esqueca-o-casaco-terca-feira-tem-chances-de-chuvas-e-alta-nebulosidade-favorece-sensacao-de-frio","status":"publish","type":"post","link":"https:\/\/jornaloalvorada.com.br\/site\/2024\/07\/09\/nao-esqueca-o-casaco-terca-feira-tem-chances-de-chuvas-e-alta-nebulosidade-favorece-sensacao-de-frio\/","title":{"rendered":"N\u00e3o esque\u00e7a o casaco: ter\u00e7a-feira tem chances de chuvas e alta nebulosidade favorece sensa\u00e7\u00e3o de frio"},"content":{"rendered":"\n<p>Para esta ter\u00e7a-feira (9), a previs\u00e3o indica mudan\u00e7as no tempo, com muita nebulosidade e condi\u00e7\u00f5es para chuvas em Mato Grosso do Sul. Com isso, deve ser registrado pequena amplitude t\u00e9rmica devido ao avan\u00e7o do ar frio e, al\u00e9m disso, a alta nebulosidade favorece ainda mais a sensa\u00e7\u00e3o de frio.<\/p>\n\n\n\n<p>De acordo com o Cemtec (Centro de Monitoramento do Tempo e do Clima), o tempo fechado combinado com a possibilidade de chuvas favorece temperaturas mais amenas em todo o Estado. \u201cOs maiores acumulados de chuvas s\u00e3o previstos entre segunda e ter\u00e7a-feira e na quinta-feira, principalmente nas regi\u00f5es Sul, Sudeste e Sudoeste\u201d, afirma o \u00f3rg\u00e3o.<\/p>\n\n\n\n<p>A m\u00ednima prevista em Campo Grande \u00e9 de 11\u00b0C e a m\u00e1xima de 15\u00b0C. No munic\u00edpio de Dourados, a m\u00ednima \u00e9 de 10\u00b0C e a m\u00e1xima de 13\u00b0C. Na fronteira com o Paraguai, os term\u00f4metros em Ponta Por\u00e3 marcam 8\u00b0C inicialmente e chegam aos 11\u00b0C. Anauril\u00e2ndia, na regi\u00e3o Leste, apresenta varia\u00e7\u00e3o entre 14\u00b0C e 16\u00b0C.<\/p>\n\n\n\n<p>Em Parana\u00edba, no Bols\u00e3o, a m\u00ednima \u00e9 de 17\u00b0C e a m\u00e1xima de 28\u00b0C; em Tr\u00eas Lagoas, na mesma regi\u00e3o, os valores variam entre 16\u00b0C e 22\u00b0C. Na regi\u00e3o Norte, Coxim amanhece com 14\u00b0C e registra 21\u00b0C \u00e0 tarde.<\/p>\n\n\n\n<p>No Pantanal, as temperaturas em Corumb\u00e1 iniciam aos 11\u00b0C e chegam aos 15\u00b0C ao longo do dia, j\u00e1 Aquidauana tem m\u00ednima de 12\u00b0C e m\u00e1xima de 14\u00b0C. Na regi\u00e3o Sudoeste, Porto Murtinho inicia esta ter\u00e7a-feira com 11\u00b0C e atinge 15\u00b0C nos hor\u00e1rios mais quentes.<\/p>\n\n\n\n<figure class=\"wp-block-image\"><a href=\"https:\/\/agenciadenoticias.ms.gov.br\/wp-content\/uploads\/2024\/07\/Mapa-Previsao-09-07-2024.jpeg\"><img decoding=\"async\" src=\"https:\/\/agenciadenoticias.ms.gov.br\/wp-content\/uploads\/2024\/07\/Mapa-Previsao-09-07-2024-1024x724.jpeg\" alt=\"\"\/><\/a><\/figure>\n\n\n\n<p><em>Heloisa Duim, Programa de Est\u00e1gio Supervisionado<\/em><br><em>Foto: \u00c1lvaro Rezende<\/em><\/p>\n","protected":false},"excerpt":{"rendered":"<p>Para esta ter\u00e7a-feira (9), a previs\u00e3o indica mudan\u00e7as no tempo, com muita nebulosidade e condi\u00e7\u00f5es para chuvas em Mato Grosso<\/p>\n","protected":false},"author":1,"featured_media":1985,"comment_status":"open","ping_status":"open","sticky":false,"template":"","format":"standard","meta":{"footnotes":""},"categories":[2],"tags":[],"class_list":["post-6707","post","type-post","status-publish","format-standard","has-post-thumbnail","hentry","category-noticias"],"_links":{"self":[{"href":"https:\/\/jornaloalvorada.com.br\/site\/wp-json\/wp\/v2\/posts\/6707","targetHints":{"allow":["GET"]}}],"collection":[{"href":"https:\/\/jornaloalvorada.com.br\/site\/wp-json\/wp\/v2\/posts"}],"about":[{"href":"https:\/\/jornaloalvorada.com.br\/site\/wp-json\/wp\/v2\/types\/post"}],"author":[{"embeddable":true,"href":"https:\/\/jornaloalvorada.com.br\/site\/wp-json\/wp\/v2\/users\/1"}],"replies":[{"embeddable":true,"href":"https:\/\/jornaloalvorada.com.br\/site\/wp-json\/wp\/v2\/comments?post=6707"}],"version-history":[{"count":1,"href":"https:\/\/jornaloalvorada.com.br\/site\/wp-json\/wp\/v2\/posts\/6707\/revisions"}],"predecessor-version":[{"id":6708,"href":"https:\/\/jornaloalvorada.com.br\/site\/wp-json\/wp\/v2\/posts\/6707\/revisions\/6708"}],"wp:featuredmedia":[{"embeddable":true,"href":"https:\/\/jornaloalvorada.com.br\/site\/wp-json\/wp\/v2\/media\/1985"}],"wp:attachment":[{"href":"https:\/\/jornaloalvorada.com.br\/site\/wp-json\/wp\/v2\/media?parent=6707"}],"wp:term":[{"taxonomy":"category","embeddable":true,"href":"https:\/\/jornaloalvorada.com.br\/site\/wp-json\/wp\/v2\/categories?post=6707"},{"taxonomy":"post_tag","embeddable":true,"href":"https:\/\/jornaloalvorada.com.br\/site\/wp-json\/wp\/v2\/tags?post=6707"}],"curies":[{"name":"wp","href":"https:\/\/api.w.org\/{rel}","templated":true}]}}