{"id":6704,"date":"2024-07-09T08:43:52","date_gmt":"2024-07-09T12:43:52","guid":{"rendered":"https:\/\/jornaloalvorada.com.br\/site\/?p=6704"},"modified":"2024-07-09T08:43:55","modified_gmt":"2024-07-09T12:43:55","slug":"petrobras-anuncia-aumento-de-preco-da-gasolina-e-do-gas-de-cozinha","status":"publish","type":"post","link":"https:\/\/jornaloalvorada.com.br\/site\/2024\/07\/09\/petrobras-anuncia-aumento-de-preco-da-gasolina-e-do-gas-de-cozinha\/","title":{"rendered":"Petrobras anuncia aumento de pre\u00e7o da gasolina e do g\u00e1s de cozinha"},"content":{"rendered":"\n<p>A Petrobras anunciou nesta segunda-feira (8) um aumento nos pre\u00e7os da gasolina e do g\u00e1s de cozinha para as distribuidoras, v\u00e1lido a partir desta ter\u00e7a-feira (9). O diesel n\u00e3o teve reajuste.<\/p>\n\n\n\n<p>O litro da gasolina&nbsp;ter\u00e1 uma alta de R$ 0,20,&nbsp;chegando a R$ 3,01. O litro do&nbsp;g\u00e1s de cozinha&nbsp;de 13kg vai subir R$ 3,10,&nbsp;passando a R$ 34,70.<\/p>\n\n\n\n<p>O aumento da gasolina \u00e9 de 7,11%<strong>.<\/strong>&nbsp;O \u00faltimo reajuste da gasolina&nbsp;feito pela Petrobras havia sido em outubro de 2023, com uma redu\u00e7\u00e3o de R$ 0,12 (para R$ 2,81 o litro).&nbsp;<\/p>\n\n\n\n<p>A petroleira&nbsp;anunciou em maio de 2023 uma mudan\u00e7a em sua pol\u00edtica de pre\u00e7os.&nbsp;Desde ent\u00e3o, a estatal n\u00e3o segue mais a pol\u00edtica de paridade internacional (PPI), que reajustava o pre\u00e7o dos combust\u00edveis com base nas varia\u00e7\u00f5es do d\u00f3lar e da cota\u00e7\u00e3o do petr\u00f3leo no exterior.<\/p>\n\n\n\n<p>Segundo a Petrobras, a gasolina teve redu\u00e7\u00e3o de R$ 0,17 em seus pre\u00e7os de venda para as distribuidoras desde ent\u00e3o.<\/p>\n\n\n\n<p>J\u00e1 os pre\u00e7os do GLP, o g\u00e1s de cozinha,&nbsp;n\u00e3o era alterados desde julho de 2023, h\u00e1 mais de um ano. Naquela ocasi\u00e3o, o botij\u00e3o de 13kg passou a custar R$ 31,66.&nbsp;A alta \u00e9 de 9,6%.<\/p>\n\n\n\n<h2 class=\"wp-block-heading\" id=\"h-veja-a-nota-da-petrobras\">Veja a nota da Petrobras<\/h2>\n\n\n\n<p>A partir de amanh\u00e3, 09\/07, a Petrobras ajustar\u00e1 seus pre\u00e7os de venda de gasolina A para as distribuidoras que passar\u00e1 a ser, em m\u00e9dia, de R$ 3,01 por litro, um aumento de R$ 0,20 por litro.<\/p>\n\n\n\n<p>Considerando a mistura obrigat\u00f3ria de 73% de gasolina A e 27% de etanol anidro para composi\u00e7\u00e3o da gasolina C vendida nos postos, a parcela da Petrobras na composi\u00e7\u00e3o do pre\u00e7o ao consumidor passar\u00e1 a ser de R$ 2,20 \/litro, uma varia\u00e7\u00e3o de R$ 0,15 a cada litro de gasolina C.<\/p>\n","protected":false},"excerpt":{"rendered":"<p>A Petrobras anunciou nesta segunda-feira (8) um aumento nos pre\u00e7os da gasolina e do g\u00e1s de cozinha para as distribuidoras,<\/p>\n","protected":false},"author":1,"featured_media":6705,"comment_status":"open","ping_status":"open","sticky":false,"template":"","format":"standard","meta":{"footnotes":""},"categories":[2],"tags":[],"class_list":["post-6704","post","type-post","status-publish","format-standard","has-post-thumbnail","hentry","category-noticias"],"_links":{"self":[{"href":"https:\/\/jornaloalvorada.com.br\/site\/wp-json\/wp\/v2\/posts\/6704","targetHints":{"allow":["GET"]}}],"collection":[{"href":"https:\/\/jornaloalvorada.com.br\/site\/wp-json\/wp\/v2\/posts"}],"about":[{"href":"https:\/\/jornaloalvorada.com.br\/site\/wp-json\/wp\/v2\/types\/post"}],"author":[{"embeddable":true,"href":"https:\/\/jornaloalvorada.com.br\/site\/wp-json\/wp\/v2\/users\/1"}],"replies":[{"embeddable":true,"href":"https:\/\/jornaloalvorada.com.br\/site\/wp-json\/wp\/v2\/comments?post=6704"}],"version-history":[{"count":1,"href":"https:\/\/jornaloalvorada.com.br\/site\/wp-json\/wp\/v2\/posts\/6704\/revisions"}],"predecessor-version":[{"id":6706,"href":"https:\/\/jornaloalvorada.com.br\/site\/wp-json\/wp\/v2\/posts\/6704\/revisions\/6706"}],"wp:featuredmedia":[{"embeddable":true,"href":"https:\/\/jornaloalvorada.com.br\/site\/wp-json\/wp\/v2\/media\/6705"}],"wp:attachment":[{"href":"https:\/\/jornaloalvorada.com.br\/site\/wp-json\/wp\/v2\/media?parent=6704"}],"wp:term":[{"taxonomy":"category","embeddable":true,"href":"https:\/\/jornaloalvorada.com.br\/site\/wp-json\/wp\/v2\/categories?post=6704"},{"taxonomy":"post_tag","embeddable":true,"href":"https:\/\/jornaloalvorada.com.br\/site\/wp-json\/wp\/v2\/tags?post=6704"}],"curies":[{"name":"wp","href":"https:\/\/api.w.org\/{rel}","templated":true}]}}