{"id":6683,"date":"2024-07-08T08:53:05","date_gmt":"2024-07-08T12:53:05","guid":{"rendered":"https:\/\/jornaloalvorada.com.br\/site\/?p=6683"},"modified":"2024-07-08T09:04:24","modified_gmt":"2024-07-08T13:04:24","slug":"27-festa-de-sao-cristovao","status":"publish","type":"post","link":"https:\/\/jornaloalvorada.com.br\/site\/2024\/07\/08\/27-festa-de-sao-cristovao\/","title":{"rendered":"27 Festa de S\u00e3o Crist\u00f3v\u00e3o"},"content":{"rendered":"\n<p>Prefeito de Nova Alvorada do Sul, Jos\u00e9 Paulo Paleari prestigiando a tradicional festa do munic\u00edpio &#8220;27 Festa de S\u00e3o Crist\u00f3v\u00e3o&#8221;.<\/p>\n\n\n\n<figure class=\"wp-block-image size-full\"><img loading=\"lazy\" decoding=\"async\" width=\"857\" height=\"498\" src=\"https:\/\/jornaloalvorada.com.br\/site\/wp-content\/uploads\/2024\/07\/image-2.png\" alt=\"\" class=\"wp-image-6684\" srcset=\"https:\/\/jornaloalvorada.com.br\/site\/wp-content\/uploads\/2024\/07\/image-2.png 857w, https:\/\/jornaloalvorada.com.br\/site\/wp-content\/uploads\/2024\/07\/image-2-300x174.png 300w, https:\/\/jornaloalvorada.com.br\/site\/wp-content\/uploads\/2024\/07\/image-2-768x446.png 768w\" sizes=\"auto, (max-width: 857px) 100vw, 857px\" \/><\/figure>\n\n\n\n<figure class=\"wp-block-image size-full\"><img loading=\"lazy\" decoding=\"async\" width=\"857\" height=\"496\" src=\"https:\/\/jornaloalvorada.com.br\/site\/wp-content\/uploads\/2024\/07\/image-3.png\" alt=\"\" class=\"wp-image-6686\" srcset=\"https:\/\/jornaloalvorada.com.br\/site\/wp-content\/uploads\/2024\/07\/image-3.png 857w, https:\/\/jornaloalvorada.com.br\/site\/wp-content\/uploads\/2024\/07\/image-3-300x174.png 300w, https:\/\/jornaloalvorada.com.br\/site\/wp-content\/uploads\/2024\/07\/image-3-768x444.png 768w\" sizes=\"auto, (max-width: 857px) 100vw, 857px\" \/><\/figure>\n\n\n\n<figure class=\"wp-block-image size-full\"><img loading=\"lazy\" decoding=\"async\" width=\"857\" height=\"503\" src=\"https:\/\/jornaloalvorada.com.br\/site\/wp-content\/uploads\/2024\/07\/image-4.png\" alt=\"\" class=\"wp-image-6688\" srcset=\"https:\/\/jornaloalvorada.com.br\/site\/wp-content\/uploads\/2024\/07\/image-4.png 857w, https:\/\/jornaloalvorada.com.br\/site\/wp-content\/uploads\/2024\/07\/image-4-300x176.png 300w, https:\/\/jornaloalvorada.com.br\/site\/wp-content\/uploads\/2024\/07\/image-4-768x451.png 768w\" sizes=\"auto, (max-width: 857px) 100vw, 857px\" \/><\/figure>\n","protected":false},"excerpt":{"rendered":"<p>Prefeito de Nova Alvorada do Sul, Jos\u00e9 Paulo Paleari prestigiando a tradicional festa do munic\u00edpio &#8220;27 Festa de S\u00e3o Crist\u00f3v\u00e3o&#8221;.<\/p>\n","protected":false},"author":1,"featured_media":6697,"comment_status":"open","ping_status":"open","sticky":false,"template":"","format":"standard","meta":{"footnotes":""},"categories":[3],"tags":[],"class_list":["post-6683","post","type-post","status-publish","format-standard","has-post-thumbnail","hentry","category-social"],"_links":{"self":[{"href":"https:\/\/jornaloalvorada.com.br\/site\/wp-json\/wp\/v2\/posts\/6683","targetHints":{"allow":["GET"]}}],"collection":[{"href":"https:\/\/jornaloalvorada.com.br\/site\/wp-json\/wp\/v2\/posts"}],"about":[{"href":"https:\/\/jornaloalvorada.com.br\/site\/wp-json\/wp\/v2\/types\/post"}],"author":[{"embeddable":true,"href":"https:\/\/jornaloalvorada.com.br\/site\/wp-json\/wp\/v2\/users\/1"}],"replies":[{"embeddable":true,"href":"https:\/\/jornaloalvorada.com.br\/site\/wp-json\/wp\/v2\/comments?post=6683"}],"version-history":[{"count":3,"href":"https:\/\/jornaloalvorada.com.br\/site\/wp-json\/wp\/v2\/posts\/6683\/revisions"}],"predecessor-version":[{"id":6690,"href":"https:\/\/jornaloalvorada.com.br\/site\/wp-json\/wp\/v2\/posts\/6683\/revisions\/6690"}],"wp:featuredmedia":[{"embeddable":true,"href":"https:\/\/jornaloalvorada.com.br\/site\/wp-json\/wp\/v2\/media\/6697"}],"wp:attachment":[{"href":"https:\/\/jornaloalvorada.com.br\/site\/wp-json\/wp\/v2\/media?parent=6683"}],"wp:term":[{"taxonomy":"category","embeddable":true,"href":"https:\/\/jornaloalvorada.com.br\/site\/wp-json\/wp\/v2\/categories?post=6683"},{"taxonomy":"post_tag","embeddable":true,"href":"https:\/\/jornaloalvorada.com.br\/site\/wp-json\/wp\/v2\/tags?post=6683"}],"curies":[{"name":"wp","href":"https:\/\/api.w.org\/{rel}","templated":true}]}}