{"id":6680,"date":"2024-07-08T08:45:41","date_gmt":"2024-07-08T12:45:41","guid":{"rendered":"https:\/\/jornaloalvorada.com.br\/site\/?p=6680"},"modified":"2024-07-08T08:45:44","modified_gmt":"2024-07-08T12:45:44","slug":"alerta-nova-onda-de-frio-chega-e-estados-tem-queda-de-temperatura-nesta-segunda-feira-08-veja-previsao-e-regioes-afetadas","status":"publish","type":"post","link":"https:\/\/jornaloalvorada.com.br\/site\/2024\/07\/08\/alerta-nova-onda-de-frio-chega-e-estados-tem-queda-de-temperatura-nesta-segunda-feira-08-veja-previsao-e-regioes-afetadas\/","title":{"rendered":"ALERTA: nova onda de frio chega e estados t\u00eam queda de temperatura nesta segunda-feira (08); veja previs\u00e3o e regi\u00f5es afetadas"},"content":{"rendered":"\n<p>A chegada de uma intensa frente fria est\u00e1 causando uma significativa redu\u00e7\u00e3o nas temperaturas em partes do Brasil, em especial nos estados do Paran\u00e1, S\u00e3o Paulo, Mato Grosso do Sul e Santa Catarina. Nesta segunda-feira (08), uma s\u00e9rie de alertas foram emitidos pelo Instituto Nacional de Metrologia (Inmet), antecipando um decl\u00ednio de at\u00e9 5\u00b0C nas temperaturas costumeiras para esta \u00e9poca do ano.<\/p>\n\n\n\n<p>Enquanto a maioria dos estados mencionados est\u00e1 sob um <strong>alerta amarelo<\/strong>, que contempla uma aten\u00e7\u00e3o moderada para o frio, o Rio Grande do Sul enfrenta um cen\u00e1rio ainda mais severo. O estado foi colocado sob um <strong>alerta laranja<\/strong> de onda de frio, que prev\u00ea temperaturas at\u00e9 5\u00b0C abaixo da m\u00e9dia por um per\u00edodo que pode se estender at\u00e9 cinco dias, aumentando tamb\u00e9m as chances de ocorr\u00eancia de geadas, em especial nas \u00e1reas mais ao centro e sul do estado.<\/p>\n\n\n\n<h2 class=\"wp-block-heading\">Como a Baixa Temperatura e a Umidade Afetam a Regi\u00e3o?<\/h2>\n\n\n\n<p>Al\u00e9m das temperaturas baixas, o Inmet tamb\u00e9m alerta para a baixa umidade relativa do ar, que afeta n\u00e3o s\u00f3 o Sul, mas tamb\u00e9m alcan\u00e7a estados do Norte e Centro-Oeste. A umidade pode chegar a patamares cr\u00edticos de 20%, condi\u00e7\u00e3o que exige cuidados especiais para evitar problemas respirat\u00f3rios e de desidrata\u00e7\u00e3o.<\/p>\n\n\n\n<h2 class=\"wp-block-heading\">Previs\u00e3o Detalhada para as Capitais do Sul Durante a Frente Fria<\/h2>\n\n\n\n<ul class=\"wp-block-list\">\n<li>Curitiba (PR): <strong>Segunda-feira (08)<\/strong> \u2013 M\u00ednima de 10\u00b0C e m\u00e1xima de 21\u00b0C; <strong>Ter\u00e7a-feira (09)<\/strong> \u2013 M\u00ednima de 13\u00b0C e m\u00e1xima de 23\u00b0C.<\/li>\n\n\n\n<li>S\u00e3o Paulo (SP): <strong>Segunda-feira (08)<\/strong> \u2013 M\u00ednima de 13\u00b0C e m\u00e1xima de 21\u00b0C; <strong>Ter\u00e7a-feira (09)<\/strong> \u2013 M\u00ednima de 12\u00b0C e m\u00e1xima de 21\u00b0C.<\/li>\n\n\n\n<li>Florian\u00f3polis (SC): <strong>Segunda-feira (08)<\/strong> \u2013 M\u00ednima de 14\u00b0C e m\u00e1xima de 18\u00b0C; <strong>Ter\u00e7a-feira (09)<\/strong> \u2013 M\u00ednima de 11\u00b0C e m\u00e1xima de 21\u00b0C.<\/li>\n\n\n\n<li>Porto Alegre (RS): <strong>Segunda-feira (08)<\/strong> \u2013 M\u00ednima de 6\u00b0C e m\u00e1xima de 14\u00b0C; <strong>Ter\u00e7a-feira (09)<\/strong> \u2013 M\u00ednima de 7\u00b0C e m\u00e1xima de 10\u00b0C.<\/li>\n<\/ul>\n\n\n\n<h2 class=\"wp-block-heading\">Recomenda\u00e7\u00f5es para a Popula\u00e7\u00e3o Durante a Onda de Frio<\/h2>\n\n\n\n<p>Para enfrentar este per\u00edodo de temperaturas mais baixas, a popula\u00e7\u00e3o dos estados afetados deve adotar cuidados b\u00e1sicos, como a utiliza\u00e7\u00e3o de m\u00faltiplas camadas de roupas, prote\u00e7\u00e3o para as extremidades do corpo (m\u00e3os, p\u00e9s e cabe\u00e7a) e a utiliza\u00e7\u00e3o de hidratantes para prevenir o ressecamento da pele. \u00c9 igualmente importante manter-se hidratado e evitar longas exposi\u00e7\u00f5es ao ar livre durante os momentos mais frios do dia.<\/p>\n\n\n\n<p>Diante dessas condi\u00e7\u00f5es clim\u00e1ticas adversas, recomenda-se aten\u00e7\u00e3o redobrada aos grupos mais vulner\u00e1veis, como idosos, crian\u00e7as e pessoas com condi\u00e7\u00f5es pr\u00e9-existentes de sa\u00fade, que s\u00e3o mais suscet\u00edveis \u00e0s doen\u00e7as provocadas pelo frio extremo.<\/p>\n\n\n\n<p><strong><em>Fonte: Terra Brasil Not\u00edcias<\/em><\/strong><\/p>\n","protected":false},"excerpt":{"rendered":"<p>A chegada de uma intensa frente fria est\u00e1 causando uma significativa redu\u00e7\u00e3o nas temperaturas em partes do Brasil, em especial<\/p>\n","protected":false},"author":1,"featured_media":6681,"comment_status":"open","ping_status":"open","sticky":false,"template":"","format":"standard","meta":{"footnotes":""},"categories":[2],"tags":[],"class_list":["post-6680","post","type-post","status-publish","format-standard","has-post-thumbnail","hentry","category-noticias"],"_links":{"self":[{"href":"https:\/\/jornaloalvorada.com.br\/site\/wp-json\/wp\/v2\/posts\/6680","targetHints":{"allow":["GET"]}}],"collection":[{"href":"https:\/\/jornaloalvorada.com.br\/site\/wp-json\/wp\/v2\/posts"}],"about":[{"href":"https:\/\/jornaloalvorada.com.br\/site\/wp-json\/wp\/v2\/types\/post"}],"author":[{"embeddable":true,"href":"https:\/\/jornaloalvorada.com.br\/site\/wp-json\/wp\/v2\/users\/1"}],"replies":[{"embeddable":true,"href":"https:\/\/jornaloalvorada.com.br\/site\/wp-json\/wp\/v2\/comments?post=6680"}],"version-history":[{"count":1,"href":"https:\/\/jornaloalvorada.com.br\/site\/wp-json\/wp\/v2\/posts\/6680\/revisions"}],"predecessor-version":[{"id":6682,"href":"https:\/\/jornaloalvorada.com.br\/site\/wp-json\/wp\/v2\/posts\/6680\/revisions\/6682"}],"wp:featuredmedia":[{"embeddable":true,"href":"https:\/\/jornaloalvorada.com.br\/site\/wp-json\/wp\/v2\/media\/6681"}],"wp:attachment":[{"href":"https:\/\/jornaloalvorada.com.br\/site\/wp-json\/wp\/v2\/media?parent=6680"}],"wp:term":[{"taxonomy":"category","embeddable":true,"href":"https:\/\/jornaloalvorada.com.br\/site\/wp-json\/wp\/v2\/categories?post=6680"},{"taxonomy":"post_tag","embeddable":true,"href":"https:\/\/jornaloalvorada.com.br\/site\/wp-json\/wp\/v2\/tags?post=6680"}],"curies":[{"name":"wp","href":"https:\/\/api.w.org\/{rel}","templated":true}]}}