{"id":6676,"date":"2024-07-04T14:15:21","date_gmt":"2024-07-04T18:15:21","guid":{"rendered":"https:\/\/jornaloalvorada.com.br\/site\/?p=6676"},"modified":"2024-07-04T14:15:24","modified_gmt":"2024-07-04T18:15:24","slug":"prefeito-jose-paleari-visita-criancas-do-projeto-bom-de-bola-bom-na-escola","status":"publish","type":"post","link":"https:\/\/jornaloalvorada.com.br\/site\/2024\/07\/04\/prefeito-jose-paleari-visita-criancas-do-projeto-bom-de-bola-bom-na-escola\/","title":{"rendered":"Prefeito Jos\u00e9 Paleari visita crian\u00e7as do Projeto Bom de Bola, Bom na Escola."},"content":{"rendered":"\n<p>\u00c9 extremamente gratificante ver o entusiasmo e a dedica\u00e7\u00e3o dessas crian\u00e7as e adolescentes, tanto nos estudos quanto nas atividades esportivas. Este \u00e9 mais um programa da nossa gest\u00e3o, que integra educa\u00e7\u00e3o e esporte e tem como objetivo proporcionar \u00e0s crian\u00e7as e adolescentes de nossa cidade uma forma\u00e7\u00e3o completa, incentivando tanto o desenvolvimento acad\u00eamico quanto a pr\u00e1tica esportiva.<\/p>\n\n\n\n<iframe loading=\"lazy\" src=\"https:\/\/www.facebook.com\/plugins\/video.php?height=476&#038;href=https%3A%2F%2Fwww.facebook.com%2Fjppaleari%2Fvideos%2F2768751966757696%2F&#038;show_text=false&#038;width=267&#038;t=0\" width=\"267\" height=\"476\" style=\"border:none;overflow:hidden\" scrolling=\"no\" frameborder=\"0\" allowfullscreen=\"true\" allow=\"autoplay; clipboard-write; encrypted-media; picture-in-picture; web-share\" allowFullScreen=\"true\"><\/iframe>\n","protected":false},"excerpt":{"rendered":"<p>\u00c9 extremamente gratificante ver o entusiasmo e a dedica\u00e7\u00e3o dessas crian\u00e7as e adolescentes, tanto nos estudos quanto nas atividades esportivas.<\/p>\n","protected":false},"author":1,"featured_media":6677,"comment_status":"open","ping_status":"open","sticky":false,"template":"","format":"standard","meta":{"footnotes":""},"categories":[2],"tags":[],"class_list":["post-6676","post","type-post","status-publish","format-standard","has-post-thumbnail","hentry","category-noticias"],"_links":{"self":[{"href":"https:\/\/jornaloalvorada.com.br\/site\/wp-json\/wp\/v2\/posts\/6676","targetHints":{"allow":["GET"]}}],"collection":[{"href":"https:\/\/jornaloalvorada.com.br\/site\/wp-json\/wp\/v2\/posts"}],"about":[{"href":"https:\/\/jornaloalvorada.com.br\/site\/wp-json\/wp\/v2\/types\/post"}],"author":[{"embeddable":true,"href":"https:\/\/jornaloalvorada.com.br\/site\/wp-json\/wp\/v2\/users\/1"}],"replies":[{"embeddable":true,"href":"https:\/\/jornaloalvorada.com.br\/site\/wp-json\/wp\/v2\/comments?post=6676"}],"version-history":[{"count":1,"href":"https:\/\/jornaloalvorada.com.br\/site\/wp-json\/wp\/v2\/posts\/6676\/revisions"}],"predecessor-version":[{"id":6678,"href":"https:\/\/jornaloalvorada.com.br\/site\/wp-json\/wp\/v2\/posts\/6676\/revisions\/6678"}],"wp:featuredmedia":[{"embeddable":true,"href":"https:\/\/jornaloalvorada.com.br\/site\/wp-json\/wp\/v2\/media\/6677"}],"wp:attachment":[{"href":"https:\/\/jornaloalvorada.com.br\/site\/wp-json\/wp\/v2\/media?parent=6676"}],"wp:term":[{"taxonomy":"category","embeddable":true,"href":"https:\/\/jornaloalvorada.com.br\/site\/wp-json\/wp\/v2\/categories?post=6676"},{"taxonomy":"post_tag","embeddable":true,"href":"https:\/\/jornaloalvorada.com.br\/site\/wp-json\/wp\/v2\/tags?post=6676"}],"curies":[{"name":"wp","href":"https:\/\/api.w.org\/{rel}","templated":true}]}}