{"id":6670,"date":"2024-07-04T14:02:18","date_gmt":"2024-07-04T18:02:18","guid":{"rendered":"https:\/\/jornaloalvorada.com.br\/site\/?p=6670"},"modified":"2024-07-04T14:02:21","modified_gmt":"2024-07-04T18:02:21","slug":"novo-corte-de-r-259-bilhoes-em-despesas-obrigatorias-acaba-de-ser-anunciado-por-haddad","status":"publish","type":"post","link":"https:\/\/jornaloalvorada.com.br\/site\/2024\/07\/04\/novo-corte-de-r-259-bilhoes-em-despesas-obrigatorias-acaba-de-ser-anunciado-por-haddad\/","title":{"rendered":"Novo corte de R$ 25,9 bilh\u00f5es em despesas obrigat\u00f3rias acaba de ser anunciado por Haddad"},"content":{"rendered":"\n<p>Em um importante an\u00fancio feito no Pal\u00e1cio do Planalto, o Ministro da Fazenda, Fernando Haddad, informou sobre uma nova medida econ\u00f4mica que promete impactar diversas \u00e1reas do governo. Ap\u00f3s uma reuni\u00e3o com o presidente Luiz In\u00e1cio Lula da Silva, foi decidido que haver\u00e1 uma redu\u00e7\u00e3o significativa nas despesas obrigat\u00f3rias dos minist\u00e9rios. Este ajuste fiscal est\u00e1 estimado em <strong>R$ 25,9 bilh\u00f5es<\/strong> e ser\u00e1 incorporado ao projeto de lei or\u00e7ament\u00e1ria para 2025, previsto para ser apresentado em agosto ao Congresso Nacional.<\/p>\n\n\n\n<p>O objetivo desta medida estrat\u00e9gica \u00e9 fortalecer o controle fiscal e reajustar as contas p\u00fablicas, dando sequ\u00eancia a uma s\u00e9rie de pol\u00edticas que visam a sustentabilidade econ\u00f4mica do pa\u00eds. Haddad enfatizou que os cortes foram cuidadosamente analisados e s\u00e3o essenciais para a manuten\u00e7\u00e3o dos programas sociais priorit\u00e1rios. Al\u00e9m disso, foi mencionado que blocos de contingenciamento e bloqueios no or\u00e7amento deste ano ser\u00e3o realizados em breve.<\/p>\n\n\n\n<p>A medida de redu\u00e7\u00e3o das despesas obrigat\u00f3rias, segundo Fernando Haddad, n\u00e3o foi escolhida arbitrariamente. Desde mar\u00e7o, equipes dos minist\u00e9rios relevantes, junto \u00e0s pastas do Planejamento e da Fazenda, dedicaram-se a uma criteriosa avalia\u00e7\u00e3o das linhas do or\u00e7amento. O foco foi identificar gastos que n\u00e3o est\u00e3o alinhados com as diretrizes dos programas sociais propostos para o pr\u00f3ximo ano.<\/p>\n\n\n\n<h2 class=\"wp-block-heading\">Planos de Contingenciamento e Bloqueios para Cumprimento do Arcabou\u00e7o Fiscal<\/h2>\n\n\n\n<p>Al\u00e9m do an\u00fancio do corte nas despesas, o Ministro da Fazenda sinalizou que ser\u00e3o anunciados, ainda este m\u00eas, bloqueios e medidas de contingenciamento para o or\u00e7amento atual. Estas a\u00e7\u00f5es s\u00e3o vistas como suficientes para atender as exig\u00eancias do arcabou\u00e7o fiscal, uma estrutura legal estabelecida para regulamentar as finan\u00e7as p\u00fablicas do pa\u00eds. \u201cIsso est\u00e1 definido e a ordem de grandeza ser\u00e1 conhecida nos pr\u00f3ximos dias, ap\u00f3s a conclus\u00e3o dos trabalhos da Receita Federal\u201d, acrescentou Haddad.<\/p>\n\n\n\n<h2 class=\"wp-block-heading\">Impacto da Medida no Contexto Econ\u00f4mico Atual<\/h2>\n\n\n\n<p>Este an\u00fancio surge em um contexto onde o mercado financeiro mostrou-se vol\u00e1til, com o d\u00f3lar alcan\u00e7ando altas significativas frente ao real. No dia anterior ao an\u00fancio, a moeda americana registrou a maior alta em aproximadamente um ano e meio, impulsionada pelas eleva\u00e7\u00f5es das taxas de juros nos Estados Unidos e pelas cr\u00edticas do presidente brasileiro ao presidente do Banco Central, Roberto Campos Neto.<\/p>\n\n\n\n<p>No entanto, com as declara\u00e7\u00f5es recentes de Haddad e do pr\u00f3prio Lula, houve uma certa estabiliza\u00e7\u00e3o e o d\u00f3lar fechou a R$ 5,56, apresentando uma ligeira queda em rela\u00e7\u00e3o aos valores observados na sess\u00e3o anterior.<\/p>\n\n\n\n<p><strong><em>Fonte: Terra Brasil Not\u00edcias<\/em><\/strong><\/p>\n","protected":false},"excerpt":{"rendered":"<p>Em um importante an\u00fancio feito no Pal\u00e1cio do Planalto, o Ministro da Fazenda, Fernando Haddad, informou sobre uma nova medida<\/p>\n","protected":false},"author":1,"featured_media":6671,"comment_status":"open","ping_status":"open","sticky":false,"template":"","format":"standard","meta":{"footnotes":""},"categories":[2],"tags":[],"class_list":["post-6670","post","type-post","status-publish","format-standard","has-post-thumbnail","hentry","category-noticias"],"_links":{"self":[{"href":"https:\/\/jornaloalvorada.com.br\/site\/wp-json\/wp\/v2\/posts\/6670","targetHints":{"allow":["GET"]}}],"collection":[{"href":"https:\/\/jornaloalvorada.com.br\/site\/wp-json\/wp\/v2\/posts"}],"about":[{"href":"https:\/\/jornaloalvorada.com.br\/site\/wp-json\/wp\/v2\/types\/post"}],"author":[{"embeddable":true,"href":"https:\/\/jornaloalvorada.com.br\/site\/wp-json\/wp\/v2\/users\/1"}],"replies":[{"embeddable":true,"href":"https:\/\/jornaloalvorada.com.br\/site\/wp-json\/wp\/v2\/comments?post=6670"}],"version-history":[{"count":1,"href":"https:\/\/jornaloalvorada.com.br\/site\/wp-json\/wp\/v2\/posts\/6670\/revisions"}],"predecessor-version":[{"id":6672,"href":"https:\/\/jornaloalvorada.com.br\/site\/wp-json\/wp\/v2\/posts\/6670\/revisions\/6672"}],"wp:featuredmedia":[{"embeddable":true,"href":"https:\/\/jornaloalvorada.com.br\/site\/wp-json\/wp\/v2\/media\/6671"}],"wp:attachment":[{"href":"https:\/\/jornaloalvorada.com.br\/site\/wp-json\/wp\/v2\/media?parent=6670"}],"wp:term":[{"taxonomy":"category","embeddable":true,"href":"https:\/\/jornaloalvorada.com.br\/site\/wp-json\/wp\/v2\/categories?post=6670"},{"taxonomy":"post_tag","embeddable":true,"href":"https:\/\/jornaloalvorada.com.br\/site\/wp-json\/wp\/v2\/tags?post=6670"}],"curies":[{"name":"wp","href":"https:\/\/api.w.org\/{rel}","templated":true}]}}