{"id":6666,"date":"2024-07-03T15:50:09","date_gmt":"2024-07-03T19:50:09","guid":{"rendered":"https:\/\/jornaloalvorada.com.br\/site\/?p=6666"},"modified":"2024-07-03T15:50:12","modified_gmt":"2024-07-03T19:50:12","slug":"novo-edital-do-mais-medicos-abre-3-184-vagas-em-diversas-cidades-do-brasil","status":"publish","type":"post","link":"https:\/\/jornaloalvorada.com.br\/site\/2024\/07\/03\/novo-edital-do-mais-medicos-abre-3-184-vagas-em-diversas-cidades-do-brasil\/","title":{"rendered":"Novo edital do Mais M\u00e9dicos abre 3.184 vagas em diversas cidades do Brasil"},"content":{"rendered":"\n<p>O Minist\u00e9rio da Sa\u00fade divulgou hoje, 1\u00ba de julho, um novo edital para o programa Mais M\u00e9dicos. Foram disponibilizadas 3.184 vagas em mais de 1.500 cidades brasileiras.<\/p>\n\n\n\n<p>As inscri\u00e7\u00f5es come\u00e7am \u00e0s 7h de ter\u00e7a-feira, 2 de julho, e v\u00e3o at\u00e9 as 18h de s\u00e1bado, 6 de julho. Do total de vagas, 20% s\u00e3o reservadas para grupos \u00e9tnico-raciais e 9% para pessoas com defici\u00eancia.<\/p>\n\n\n\n<p><strong>Podem participar da sele\u00e7\u00e3o os seguintes profissionais:<\/strong><\/p>\n\n\n\n<ul class=\"wp-block-list\">\n<li>M\u00e9dicos formados em universidades brasileiras ou com diplomas revalidados no Brasil, com registro no Conselho Regional de Medicina (CRM).<\/li>\n\n\n\n<li>M\u00e9dicos brasileiros com habilita\u00e7\u00e3o para exercer a profiss\u00e3o no exterior.<\/li>\n\n\n\n<li>M\u00e9dicos estrangeiros com habilita\u00e7\u00e3o para exercer a profiss\u00e3o no exterior.<\/li>\n<\/ul>\n\n\n\n<p>Para os m\u00e9dicos estrangeiros, o Minist\u00e9rio da Sa\u00fade exige conhecimento em l\u00edngua portuguesa, al\u00e9m das regras de organiza\u00e7\u00e3o do Sistema \u00danico de Sa\u00fade (SUS).<\/p>\n\n\n\n<p>Segundo o edital, todos os candidatos devem estar com a situa\u00e7\u00e3o regular na esfera criminal da Justi\u00e7a nos \u00faltimos seis meses. No caso dos m\u00e9dicos brasileiros, tamb\u00e9m \u00e9 necess\u00e1rio estar em dia com a Justi\u00e7a Eleitoral.<\/p>\n\n\n\n<p>O governo informou que, com o novo edital, o pa\u00eds ter\u00e1 28 mil m\u00e9dicos atuando pelo programa.<\/p>\n\n\n\n<p><strong>Vagas:<\/strong><\/p>\n\n\n\n<p>De acordo com o edital, S\u00e3o Paulo \u00e9 o estado com o maior n\u00famero de vagas: 457. Na sequ\u00eancia, aparecem Rio Grande do Sul (276), Cear\u00e1 (254), Bahia (246) e Paran\u00e1 (233).<\/p>\n\n\n\n<p><strong><em>Fonte: Terra Brasil Not\u00edcias<\/em><\/strong><\/p>\n","protected":false},"excerpt":{"rendered":"<p>O Minist\u00e9rio da Sa\u00fade divulgou hoje, 1\u00ba de julho, um novo edital para o programa Mais M\u00e9dicos. Foram disponibilizadas 3.184<\/p>\n","protected":false},"author":1,"featured_media":6667,"comment_status":"open","ping_status":"open","sticky":false,"template":"","format":"standard","meta":{"footnotes":""},"categories":[2],"tags":[],"class_list":["post-6666","post","type-post","status-publish","format-standard","has-post-thumbnail","hentry","category-noticias"],"_links":{"self":[{"href":"https:\/\/jornaloalvorada.com.br\/site\/wp-json\/wp\/v2\/posts\/6666","targetHints":{"allow":["GET"]}}],"collection":[{"href":"https:\/\/jornaloalvorada.com.br\/site\/wp-json\/wp\/v2\/posts"}],"about":[{"href":"https:\/\/jornaloalvorada.com.br\/site\/wp-json\/wp\/v2\/types\/post"}],"author":[{"embeddable":true,"href":"https:\/\/jornaloalvorada.com.br\/site\/wp-json\/wp\/v2\/users\/1"}],"replies":[{"embeddable":true,"href":"https:\/\/jornaloalvorada.com.br\/site\/wp-json\/wp\/v2\/comments?post=6666"}],"version-history":[{"count":1,"href":"https:\/\/jornaloalvorada.com.br\/site\/wp-json\/wp\/v2\/posts\/6666\/revisions"}],"predecessor-version":[{"id":6668,"href":"https:\/\/jornaloalvorada.com.br\/site\/wp-json\/wp\/v2\/posts\/6666\/revisions\/6668"}],"wp:featuredmedia":[{"embeddable":true,"href":"https:\/\/jornaloalvorada.com.br\/site\/wp-json\/wp\/v2\/media\/6667"}],"wp:attachment":[{"href":"https:\/\/jornaloalvorada.com.br\/site\/wp-json\/wp\/v2\/media?parent=6666"}],"wp:term":[{"taxonomy":"category","embeddable":true,"href":"https:\/\/jornaloalvorada.com.br\/site\/wp-json\/wp\/v2\/categories?post=6666"},{"taxonomy":"post_tag","embeddable":true,"href":"https:\/\/jornaloalvorada.com.br\/site\/wp-json\/wp\/v2\/tags?post=6666"}],"curies":[{"name":"wp","href":"https:\/\/api.w.org\/{rel}","templated":true}]}}