{"id":6663,"date":"2024-07-03T15:46:50","date_gmt":"2024-07-03T19:46:50","guid":{"rendered":"https:\/\/jornaloalvorada.com.br\/site\/?p=6663"},"modified":"2024-07-03T15:46:55","modified_gmt":"2024-07-03T19:46:55","slug":"agora-pf-decide-prorrogar-a-operacao-lesa-patria-que-investiga-atos-do-8-de-janeiro","status":"publish","type":"post","link":"https:\/\/jornaloalvorada.com.br\/site\/2024\/07\/03\/agora-pf-decide-prorrogar-a-operacao-lesa-patria-que-investiga-atos-do-8-de-janeiro\/","title":{"rendered":"AGORA: PF decide prorrogar a opera\u00e7\u00e3o Lesa P\u00e1tria, que investiga atos do 8 de janeiro"},"content":{"rendered":"\n<p>A opera\u00e7\u00e3o cont\u00ednua da Pol\u00edcia Federal (PF) que investiga os atos ocorridos em 8 de janeiro do ano passado ser\u00e1 estendida at\u00e9 janeiro de 2025.<\/p>\n\n\n\n<p>Segundo informa\u00e7\u00f5es da CNN, inicialmente, o prazo para encerrar a apura\u00e7\u00e3o estava previsto para janeiro deste ano, mas uma portaria da PF prorrogou a data limite devido \u00e0s demandas ainda n\u00e3o conclu\u00eddas.<\/p>\n\n\n\n<p>Ap\u00f3s 28 fases da opera\u00e7\u00e3o, ainda est\u00e3o pendentes as an\u00e1lises de pelo menos 90 celulares apreendidos durante as buscas. Esses aparelhos est\u00e3o sendo periciados no Instituto Nacional de Criminal\u00edstica (INC) da PF e na sede da institui\u00e7\u00e3o.<\/p>\n\n\n\n<p>Os acusados de executarem os atos j\u00e1 foram todos identificados e os respectivos casos foram relatados ao Supremo Tribunal Federal (STF). Agora, resta fechar a lista com os incitadores, em sua maioria, e os eventuais financiadores das a\u00e7\u00f5es.<\/p>\n\n\n\n<p>A fase mais recente da opera\u00e7\u00e3o ocorreu h\u00e1 duas semanas e resultou no cumprimento de 15 mandados de busca e apreens\u00e3o, sendo 11 deles contra empres\u00e1rios de Santa Catarina suspeitos de financiar os ataques.<\/p>\n\n\n\n<p>A expectativa \u00e9 que mais duas fases da opera\u00e7\u00e3o \u201cLesa P\u00e1tria\u201d sejam realizadas ainda neste ano. A previs\u00e3o \u00e9 que ocorram 30 a\u00e7\u00f5es at\u00e9 o in\u00edcio do pr\u00f3ximo ano, quando se encerra o prazo determinado pela nova portaria.<\/p>\n\n\n\n<p>Desde o in\u00edcio das apura\u00e7\u00f5es, em janeiro do ano passado, at\u00e9 janeiro deste ano, segundo o balan\u00e7o mais recente, a PF cumpriu 97 mandados de pris\u00e3o preventiva, 313 de busca e apreens\u00e3o, e apreendeu R$ 11,6 milh\u00f5es em bens e valores relacionados aos executores, incitadores e financiadores dos atos de depreda\u00e7\u00e3o contra as sedes dos Tr\u00eas Poderes.<\/p>\n\n\n\n<p><strong><em>Fonte: Terra Brasil Not\u00edcias<\/em><\/strong><\/p>\n","protected":false},"excerpt":{"rendered":"<p>A opera\u00e7\u00e3o cont\u00ednua da Pol\u00edcia Federal (PF) que investiga os atos ocorridos em 8 de janeiro do ano passado ser\u00e1<\/p>\n","protected":false},"author":1,"featured_media":6664,"comment_status":"open","ping_status":"open","sticky":false,"template":"","format":"standard","meta":{"footnotes":""},"categories":[2],"tags":[],"class_list":["post-6663","post","type-post","status-publish","format-standard","has-post-thumbnail","hentry","category-noticias"],"_links":{"self":[{"href":"https:\/\/jornaloalvorada.com.br\/site\/wp-json\/wp\/v2\/posts\/6663","targetHints":{"allow":["GET"]}}],"collection":[{"href":"https:\/\/jornaloalvorada.com.br\/site\/wp-json\/wp\/v2\/posts"}],"about":[{"href":"https:\/\/jornaloalvorada.com.br\/site\/wp-json\/wp\/v2\/types\/post"}],"author":[{"embeddable":true,"href":"https:\/\/jornaloalvorada.com.br\/site\/wp-json\/wp\/v2\/users\/1"}],"replies":[{"embeddable":true,"href":"https:\/\/jornaloalvorada.com.br\/site\/wp-json\/wp\/v2\/comments?post=6663"}],"version-history":[{"count":1,"href":"https:\/\/jornaloalvorada.com.br\/site\/wp-json\/wp\/v2\/posts\/6663\/revisions"}],"predecessor-version":[{"id":6665,"href":"https:\/\/jornaloalvorada.com.br\/site\/wp-json\/wp\/v2\/posts\/6663\/revisions\/6665"}],"wp:featuredmedia":[{"embeddable":true,"href":"https:\/\/jornaloalvorada.com.br\/site\/wp-json\/wp\/v2\/media\/6664"}],"wp:attachment":[{"href":"https:\/\/jornaloalvorada.com.br\/site\/wp-json\/wp\/v2\/media?parent=6663"}],"wp:term":[{"taxonomy":"category","embeddable":true,"href":"https:\/\/jornaloalvorada.com.br\/site\/wp-json\/wp\/v2\/categories?post=6663"},{"taxonomy":"post_tag","embeddable":true,"href":"https:\/\/jornaloalvorada.com.br\/site\/wp-json\/wp\/v2\/tags?post=6663"}],"curies":[{"name":"wp","href":"https:\/\/api.w.org\/{rel}","templated":true}]}}