{"id":6660,"date":"2024-07-03T15:43:29","date_gmt":"2024-07-03T19:43:29","guid":{"rendered":"https:\/\/jornaloalvorada.com.br\/site\/?p=6660"},"modified":"2024-07-03T15:43:33","modified_gmt":"2024-07-03T19:43:33","slug":"com-bandeira-amarela-energia-eletrica-fica-15-mais-cara-em-mato-grosso-do-sul-a-partir-de-julho","status":"publish","type":"post","link":"https:\/\/jornaloalvorada.com.br\/site\/2024\/07\/03\/com-bandeira-amarela-energia-eletrica-fica-15-mais-cara-em-mato-grosso-do-sul-a-partir-de-julho\/","title":{"rendered":"Com bandeira amarela, energia el\u00e9trica fica 1,5% mais cara em Mato Grosso do Sul a partir de julho"},"content":{"rendered":"\n<p>Com o an\u00fancio da Aneel (Ag\u00eancia Nacional de Energia El\u00e9trica) de que a <a href=\"https:\/\/midiamax.uol.com.br\/cotidiano\/consumidor\/2024\/apos-26-meses-de-bandeira-verde-aneel-anuncia-que-julho-tera-bandeira-tarifaria-amarela\/\">bandeira tarif\u00e1ria da energia el\u00e9trica do pa\u00eds ser\u00e1 amarela neste m\u00eas de julho<\/a>, a conta de luz dos sul-mato-grossenses, que est\u00e3o sob concess\u00e3o da Energisa, fica cerca de 1,5% a 1,6% mais cara a cada kW\/h (quilowatt-hora) consumido, e o valor ir\u00e1 variar de acordo com o munic\u00edpio.<\/p>\n\n\n\n<p>&#8220;Cada um dos munic\u00edpios da \u00e1rea de concess\u00e3o da Energisa vai ter um valor porque dentro dessa situa\u00e7\u00e3o tamb\u00e9m est\u00e1 a contribui\u00e7\u00e3o de ilumina\u00e7\u00e3o p\u00fablica, que cada munic\u00edpio tem uma lei&#8221;, detalha a presidente do Concen-MS (Conselho de Consumidores da \u00c1rea de Concess\u00e3o da Energisa MS), Rosimeire Costa.<\/p>\n\n\n\n<p>&#8220;Aqui em Campo Grande a isen\u00e7\u00e3o \u00e9 at\u00e9 49 kW\/h consumidos. A partir de 50 kW\/h, j\u00e1 paga essa contribui\u00e7\u00e3o e a\u00ed vai aumentando. Acima de 1.000 kW\/h consumidos paga-se um valor maior ainda porque ela (a contribui\u00e7\u00e3o) est\u00e1 vinculada ao consumo. Ent\u00e3o, quanto mais voc\u00ea consome, mais voc\u00ea paga&#8221;, completa.<\/p>\n\n\n\n<h2 class=\"wp-block-heading\" id=\"h-mais-cara-quanto\">Mais cara quanto?<\/h2>\n\n\n\n<p>Com o acionamento das termel\u00e9tricas, os valores da energia em Mato Grosso do Sul ficam mais caros a cada kW\/h, incluindo encargos e impostos.<\/p>\n\n\n\n<p>Sendo assim, com o aumento entre 1,5% a 1,6%, o consumidor que pagava cerca de R$ 190 por 144 kW\/h utilizados, vai passar a pagar cerca de R$ 193,00. Lembrando que o valor vai apresentar pequenas varia\u00e7\u00f5es devido aos tributos e \u00e0 ilumina\u00e7\u00e3o p\u00fablica.<\/p>\n\n\n\n<p>Confira abaixo a compara\u00e7\u00e3o entre o valor do kW\/h praticado at\u00e9 junho deste ano e como ficar\u00e1 a partir deste m\u00eas de julho.<\/p>\n\n\n\n<figure class=\"wp-block-image\"><img decoding=\"async\" src=\"https:\/\/cdn.midiamax.com.br\/wp-content\/uploads\/2024\/07\/01181811\/MIDIAMAX-24-1024x495.jpg\" alt=\"\"\/><\/figure>\n\n\n\n<h2 class=\"wp-block-heading\" id=\"h-consumo-cauteloso\">Consumo cauteloso<\/h2>\n\n\n\n<p>Segundo Rosimeire, o consumidor precisar\u00e1 repensar seu consumo para evitar desperd\u00edcios.&nbsp;&#8220;Agora \u00e9 o momento de o consumidor ficar de olho no medidor, usar menos o ferro de passar, tomar banhos curtos, n\u00e3o deixar luzes acesas pela casa e tirar da tomada eletrodom\u00e9sticos que n\u00e3o precisam ficar conectados. S\u00e3o pequenas a\u00e7\u00f5es do dia a dia que evitar\u00e3o surpresas no final do m\u00eas&#8221;, enfatiza a presidente do Concen-MS.<\/p>\n\n\n\n<h2 class=\"wp-block-heading\" id=\"h-economia-e-escassez-hidrica\">Economia e escassez h\u00eddrica<\/h2>\n\n\n\n<p>Desde abril de 2022 n\u00e3o havia altera\u00e7\u00e3o na bandeira tarif\u00e1ria no Brasil. Ao todo, o pa\u00eds ficou 26 meses na bandeira verde. O sistema de bandeiras tarif\u00e1rias foi criado pela Aneel em 2015. Antes das bandeiras, o repasse desses custos de opera\u00e7\u00e3o era feito apenas nos reajustes tarif\u00e1rios anuais.&nbsp;<\/p>\n\n\n\n<p>Por isso, o consumidor n\u00e3o tinha a informa\u00e7\u00e3o de que a energia estava cara naquele momento e, portanto, n\u00e3o tinha um alerta para reagir a um pre\u00e7o mais alto.&nbsp;<\/p>\n\n\n\n<p>J\u00e1 com as bandeiras tarif\u00e1rias o consumidor se tornou mais ativo na defini\u00e7\u00e3o de sua conta de energia, pois, ao saber que a bandeira est\u00e1 amarela, pode ajustar seu consumo para ajudar a reduzir o valor da conta. Consequentemente, h\u00e1 redu\u00e7\u00e3o de custos de opera\u00e7\u00e3o do sistema, diminuindo a necessidade de acionar termel\u00e9tricas.&nbsp;<\/p>\n\n\n\n<p>Agora, conforme a Aneel, a bandeira amarela foi acionada devido \u00e0 previs\u00e3o de chuvas abaixo da m\u00e9dia, em cerca de 50%, at\u00e9 o final do ano. Al\u00e9m disso, h\u00e1 expectativa de crescimento da carga e do consumo de energia no mesmo per\u00edodo.&nbsp;<\/p>\n\n\n\n<p>O cen\u00e1rio de escassez de chuvas, somado ao inverno com temperaturas superiores \u00e0 m\u00e9dia hist\u00f3rica do per\u00edodo, faz com que as termel\u00e9tricas, que produzem energia mais cara que as hidrel\u00e9tricas, passem a operar mais, principalmente durante a noite, quando n\u00e3o h\u00e1 produ\u00e7\u00e3o de energia solar, elevando os custos da gera\u00e7\u00e3o de energia no pa\u00eds.<\/p>\n\n\n\n<p><strong><em>Fonte: MidiaNas<\/em><\/strong><\/p>\n","protected":false},"excerpt":{"rendered":"<p>Com o an\u00fancio da Aneel (Ag\u00eancia Nacional de Energia El\u00e9trica) de que a bandeira tarif\u00e1ria da energia el\u00e9trica do pa\u00eds<\/p>\n","protected":false},"author":1,"featured_media":6661,"comment_status":"open","ping_status":"open","sticky":false,"template":"","format":"standard","meta":{"footnotes":""},"categories":[2],"tags":[],"class_list":["post-6660","post","type-post","status-publish","format-standard","has-post-thumbnail","hentry","category-noticias"],"_links":{"self":[{"href":"https:\/\/jornaloalvorada.com.br\/site\/wp-json\/wp\/v2\/posts\/6660","targetHints":{"allow":["GET"]}}],"collection":[{"href":"https:\/\/jornaloalvorada.com.br\/site\/wp-json\/wp\/v2\/posts"}],"about":[{"href":"https:\/\/jornaloalvorada.com.br\/site\/wp-json\/wp\/v2\/types\/post"}],"author":[{"embeddable":true,"href":"https:\/\/jornaloalvorada.com.br\/site\/wp-json\/wp\/v2\/users\/1"}],"replies":[{"embeddable":true,"href":"https:\/\/jornaloalvorada.com.br\/site\/wp-json\/wp\/v2\/comments?post=6660"}],"version-history":[{"count":1,"href":"https:\/\/jornaloalvorada.com.br\/site\/wp-json\/wp\/v2\/posts\/6660\/revisions"}],"predecessor-version":[{"id":6662,"href":"https:\/\/jornaloalvorada.com.br\/site\/wp-json\/wp\/v2\/posts\/6660\/revisions\/6662"}],"wp:featuredmedia":[{"embeddable":true,"href":"https:\/\/jornaloalvorada.com.br\/site\/wp-json\/wp\/v2\/media\/6661"}],"wp:attachment":[{"href":"https:\/\/jornaloalvorada.com.br\/site\/wp-json\/wp\/v2\/media?parent=6660"}],"wp:term":[{"taxonomy":"category","embeddable":true,"href":"https:\/\/jornaloalvorada.com.br\/site\/wp-json\/wp\/v2\/categories?post=6660"},{"taxonomy":"post_tag","embeddable":true,"href":"https:\/\/jornaloalvorada.com.br\/site\/wp-json\/wp\/v2\/tags?post=6660"}],"curies":[{"name":"wp","href":"https:\/\/api.w.org\/{rel}","templated":true}]}}