{"id":6654,"date":"2024-07-03T15:29:52","date_gmt":"2024-07-03T19:29:52","guid":{"rendered":"https:\/\/jornaloalvorada.com.br\/site\/?p=6654"},"modified":"2024-07-03T15:29:56","modified_gmt":"2024-07-03T19:29:56","slug":"detran-go-pede-investigacao-policial-para-apurar-imagens-do-filho-de-gusttavo-lima-dirigindo-carro-e-emite-nota-de-repudio","status":"publish","type":"post","link":"https:\/\/jornaloalvorada.com.br\/site\/2024\/07\/03\/detran-go-pede-investigacao-policial-para-apurar-imagens-do-filho-de-gusttavo-lima-dirigindo-carro-e-emite-nota-de-repudio\/","title":{"rendered":"Detran-GO pede investiga\u00e7\u00e3o policial para apurar imagens do filho de Gusttavo Lima dirigindo carro e emite nota de rep\u00fadio"},"content":{"rendered":"\n<p>O Departamento Estadual de Tr\u00e2nsito de Goi\u00e1s (Detran-GO) emitiu uma nota de rep\u00fadio em rela\u00e7\u00e3o ao v\u00eddeo em que o filho de 7 anos do cantor Gusttavo Lima e da modelo Andressa Suita aparece dirigindo um carro, com o irm\u00e3o mais novo ao lado. O presidente do \u00f3rg\u00e3o, Delegado Waldir, informou que encaminhou \u00e0 Pol\u00edcia Civil um pedido para investigar a conduta dos pais.<\/p>\n\n\n\n<p>O portal G1 tentou entrar em contato com a assessoria da modelo para obter um posicionamento, mas n\u00e3o obteve retorno at\u00e9 a \u00faltima atualiza\u00e7\u00e3o desta reportagem. Al\u00e9m disso, o G1 tamb\u00e9m buscou informa\u00e7\u00f5es junto \u00e0 Pol\u00edcia Civil para verificar se algum inqu\u00e9rito j\u00e1 foi instaurado, mas n\u00e3o obteve resposta.<\/p>\n\n\n\n<p>No v\u00eddeo publicado pela modelo na internet, Gabriel, de 7 anos, \u00e9 visto dirigindo o carro dentro de uma propriedade privada, enquanto o irm\u00e3o, Samuel, est\u00e1 no banco do passageiro. Durante o \u201cpasseio\u201d, o mais novo chega a ficar em p\u00e9 no assento e coloca a cabe\u00e7a para fora do teto solar. Andressa escreveu na legenda: \u201c7 ou 18 anos?\u201d, de forma descontra\u00edda.<\/p>\n\n\n\n<p>Especialistas em tr\u00e2nsito consultados pelo G1 explicaram que, como se trata de uma a\u00e7\u00e3o realizada dentro de propriedade privada, os \u00f3rg\u00e3os de tr\u00e2nsito n\u00e3o t\u00eam autoridade para atuar e fiscalizar. Caso isso tivesse ocorrido em via p\u00fablica, Andressa estaria infringindo pelo menos tr\u00eas artigos do C\u00f3digo de Tr\u00e2nsito Brasileiro (CTB); veja abaixo:<\/p>\n\n\n\n<ol class=\"wp-block-list\">\n<li>Uso obrigat\u00f3rio de cadeirinhas para crian\u00e7as com at\u00e9 10 anos de idade: infra\u00e7\u00e3o grav\u00edssima, com multa de R$ 293,47 e sete pontos na carteira de motorista;<\/li>\n\n\n\n<li>Entregar a dire\u00e7\u00e3o do ve\u00edculo a pessoa sem Carteira Nacional de Habilita\u00e7\u00e3o (CNH) ou permiss\u00e3o para dirigir: infra\u00e7\u00e3o grav\u00edssima, com multa podendo chegar a at\u00e9 tr\u00eas vezes o valor previsto e a possibilidade de reten\u00e7\u00e3o da carteira.<\/li>\n\n\n\n<li>Permitir, confiar ou entregar a dire\u00e7\u00e3o de ve\u00edculo automotor a pessoa n\u00e3o habilitada [ou que] n\u00e3o esteja em condi\u00e7\u00f5es de conduzi-lo com seguran\u00e7a: multa e deten\u00e7\u00e3o de seis meses a um ano.<\/li>\n<\/ol>\n\n\n\n<p><em>O presidente do Departamento Estadual de Tr\u00e2nsito de Goi\u00e1s, Delegado Waldir, manifesta rep\u00fadio \u00e0s imagens divulgadas nas redes sociais em que os filhos do cantor Gusttavo Lima e da modelo Andressa Suita aparecem conduzindo ve\u00edculo automotor no interior de uma propriedade particular, onde os \u00f3rg\u00e3os de tr\u00e2nsito n\u00e3o t\u00eam poder de atua\u00e7\u00e3o e fiscaliza\u00e7\u00e3o. Contudo, o Delegado Waldir repudia quaisquer a\u00e7\u00f5es realizadas por figuras p\u00fablicas que podem incentivar conduta similar por parte da popula\u00e7\u00e3o, podendo gerar grave risco de acidentes nas vias p\u00fablicas e particulares. Ele afirmou que encaminhou \u00e0 Pol\u00edcia Civil pedido para apurar a conduta dos pais.<\/em><\/p>\n\n\n\n<p><strong><em>Fonte: Terra Brasil Not\u00edcias<\/em><\/strong><\/p>\n","protected":false},"excerpt":{"rendered":"<p>O Departamento Estadual de Tr\u00e2nsito de Goi\u00e1s (Detran-GO) emitiu uma nota de rep\u00fadio em rela\u00e7\u00e3o ao v\u00eddeo em que o<\/p>\n","protected":false},"author":1,"featured_media":6655,"comment_status":"open","ping_status":"open","sticky":false,"template":"","format":"standard","meta":{"footnotes":""},"categories":[2],"tags":[],"class_list":["post-6654","post","type-post","status-publish","format-standard","has-post-thumbnail","hentry","category-noticias"],"_links":{"self":[{"href":"https:\/\/jornaloalvorada.com.br\/site\/wp-json\/wp\/v2\/posts\/6654","targetHints":{"allow":["GET"]}}],"collection":[{"href":"https:\/\/jornaloalvorada.com.br\/site\/wp-json\/wp\/v2\/posts"}],"about":[{"href":"https:\/\/jornaloalvorada.com.br\/site\/wp-json\/wp\/v2\/types\/post"}],"author":[{"embeddable":true,"href":"https:\/\/jornaloalvorada.com.br\/site\/wp-json\/wp\/v2\/users\/1"}],"replies":[{"embeddable":true,"href":"https:\/\/jornaloalvorada.com.br\/site\/wp-json\/wp\/v2\/comments?post=6654"}],"version-history":[{"count":1,"href":"https:\/\/jornaloalvorada.com.br\/site\/wp-json\/wp\/v2\/posts\/6654\/revisions"}],"predecessor-version":[{"id":6656,"href":"https:\/\/jornaloalvorada.com.br\/site\/wp-json\/wp\/v2\/posts\/6654\/revisions\/6656"}],"wp:featuredmedia":[{"embeddable":true,"href":"https:\/\/jornaloalvorada.com.br\/site\/wp-json\/wp\/v2\/media\/6655"}],"wp:attachment":[{"href":"https:\/\/jornaloalvorada.com.br\/site\/wp-json\/wp\/v2\/media?parent=6654"}],"wp:term":[{"taxonomy":"category","embeddable":true,"href":"https:\/\/jornaloalvorada.com.br\/site\/wp-json\/wp\/v2\/categories?post=6654"},{"taxonomy":"post_tag","embeddable":true,"href":"https:\/\/jornaloalvorada.com.br\/site\/wp-json\/wp\/v2\/tags?post=6654"}],"curies":[{"name":"wp","href":"https:\/\/api.w.org\/{rel}","templated":true}]}}